{"id":4792,"date":"2022-03-15T10:15:50","date_gmt":"2022-03-15T10:15:50","guid":{"rendered":"https:\/\/people.unica.it\/traduzionespecialisticadeitesti\/?p=4792"},"modified":"2022-03-15T10:15:50","modified_gmt":"2022-03-15T10:15:50","slug":"risorse-informatiche-e-tecnologiche-per-la-mediazione-inizio-lezioni","status":"publish","type":"post","link":"https:\/\/people.unica.it\/traduzionespecialisticadeitesti\/2022\/03\/15\/risorse-informatiche-e-tecnologiche-per-la-mediazione-inizio-lezioni\/","title":{"rendered":"Risorse informatiche e tecnologiche per la mediazione &#8211; inizio lezioni"},"content":{"rendered":"<p>Il corso di <em>Risorse informatiche e tecnologiche per la mediazione<\/em> avr\u00e0 inizio venerd\u00ec 18 marzo alle ore 15:30 e sar\u00e0 tenuto dalla prof.ssa Isabella Piras.<\/p>\n<p>&nbsp;<\/p>","protected":false},"excerpt":{"rendered":"<p>Il corso di Risorse informatiche e tecnologiche per la mediazione avr\u00e0 inizio venerd\u00ec 18 marzo alle ore 15:30 e sar\u00e0 tenuto dalla prof.ssa Isabella Piras. &nbsp;<\/p>\n","protected":false},"author":2071,"featured_media":0,"comment_status":"closed","ping_status":"closed","sticky":false,"template":"","format":"standard","meta":{"footnotes":""},"categories":[41799],"tags":[],"class_list":["post-4792","post","type-post","status-publish","format-standard","hentry","category-traduzione-specialistica-dei-testi-1-anno","category-41799-id","post-seq-1","post-parity-odd","meta-position-corners","fix"],"_links":{"self":[{"href":"https:\/\/people.unica.it\/traduzionespecialisticadeitesti\/wp-json\/wp\/v2\/posts\/4792","targetHints":{"allow":["GET"]}}],"collection":[{"href":"https:\/\/people.unica.it\/traduzionespecialisticadeitesti\/wp-json\/wp\/v2\/posts"}],"about":[{"href":"https:\/\/people.unica.it\/traduzionespecialisticadeitesti\/wp-json\/wp\/v2\/types\/post"}],"author":[{"embeddable":true,"href":"https:\/\/people.unica.it\/traduzionespecialisticadeitesti\/wp-json\/wp\/v2\/users\/2071"}],"replies":[{"embeddable":true,"href":"https:\/\/people.unica.it\/traduzionespecialisticadeitesti\/wp-json\/wp\/v2\/comments?post=4792"}],"version-history":[{"count":1,"href":"https:\/\/people.unica.it\/traduzionespecialisticadeitesti\/wp-json\/wp\/v2\/posts\/4792\/revisions"}],"predecessor-version":[{"id":4793,"href":"https:\/\/people.unica.it\/traduzionespecialisticadeitesti\/wp-json\/wp\/v2\/posts\/4792\/revisions\/4793"}],"wp:attachment":[{"href":"https:\/\/people.unica.it\/traduzionespecialisticadeitesti\/wp-json\/wp\/v2\/media?parent=4792"}],"wp:term":[{"taxonomy":"category","embeddable":true,"href":"https:\/\/people.unica.it\/traduzionespecialisticadeitesti\/wp-json\/wp\/v2\/categories?post=4792"},{"taxonomy":"post_tag","embeddable":true,"href":"https:\/\/people.unica.it\/traduzionespecialisticadeitesti\/wp-json\/wp\/v2\/tags?post=4792"}],"curies":[{"name":"wp","href":"https:\/\/api.w.org\/{rel}","templated":true}]}}