{"id":4766,"date":"2022-02-02T09:21:43","date_gmt":"2022-02-02T09:21:43","guid":{"rendered":"https:\/\/people.unica.it\/traduzionespecialisticadeitesti\/?p=4766"},"modified":"2022-02-02T09:21:43","modified_gmt":"2022-02-02T09:21:43","slug":"aulas-abiertas-proposta-tirocinio-interno-50-ore-2-cfu","status":"publish","type":"post","link":"https:\/\/people.unica.it\/traduzionespecialisticadeitesti\/2022\/02\/02\/aulas-abiertas-proposta-tirocinio-interno-50-ore-2-cfu\/","title":{"rendered":"AULAS ABIERTAS: PROPOSTA TIROCINIO INTERNO 50 ORE\/2 CFU"},"content":{"rendered":"<div dir=\"ltr\" data-setdir=\"false\">\n<p style=\"text-align: justify\">Obiettivo del tirocinio \u00e8 quello di offrire ai tirocinanti \u2013 attraverso una metodologia pragmatica ed esperienziale &#8211; l\u2019acquisizione di competenze relative alla edizione di testi in qualit\u00e0 di\u00a0revisori e correttori di bozze. Il tirocinio si svolge nella cornice di <em>Aulas Abiertas Seminario permanente di studi linguistici e letterari su America Latina e Caraibi<\/em> e avr\u00e0 una durata di 50 h da svolgersi in modalit\u00e0 smart working in circa 1 mese fino a raggiungimento delle ore e attribuir\u00e0 2 CFU. L\u2019inizio \u00e8 previsto per il 10-15 febbraio 2022. \u00c8 rivolto a 2 tirocinanti, studenti ispanisti del Corso di Laurea in Traduzione Specialistica dei Testi che abbiano sostenuto all\u2019interno del corso almeno un esame di Traduzione lingua spagnola.<\/p>\n<\/div>\n<div dir=\"ltr\" style=\"text-align: justify\">Per candidarsi \u00e8 necessario inviare una mail alla docente referente, M. Cristina Secci (<a href=\"mailto:secci@unica.it\">secci@unica.it<\/a>) entro il giorno 8 febbraio 2022.<\/div>\n","protected":false},"excerpt":{"rendered":"<p>Obiettivo del tirocinio \u00e8 quello di offrire ai tirocinanti \u2013 attraverso una metodologia pragmatica ed esperienziale &#8211; l\u2019acquisizione di competenze relative alla edizione di testi in qualit\u00e0 di\u00a0revisori e correttori di bozze. Il tirocinio si svolge nella cornice di Aulas Abiertas Seminario permanente di studi linguistici e letterari su America Latina e Caraibi e avr\u00e0 una durata di 50 h da svolgersi in modalit\u00e0 smart working in circa 1 mese fino a raggiungimento delle ore e attribuir\u00e0 2 CFU. L\u2019inizio \u00e8 previsto per il 10-15 febbraio 2022. \u00c8 rivolto a 2 tirocinanti, studenti ispanisti del Corso di Laurea in Traduzione <a href='https:\/\/people.unica.it\/traduzionespecialisticadeitesti\/2022\/02\/02\/aulas-abiertas-proposta-tirocinio-interno-50-ore-2-cfu\/' class='excerpt-more'>[&#8230;]<\/a><\/p>\n","protected":false},"author":2071,"featured_media":0,"comment_status":"closed","ping_status":"closed","sticky":false,"template":"","format":"standard","meta":{"footnotes":""},"categories":[41799,41800],"tags":[],"class_list":["post-4766","post","type-post","status-publish","format-standard","hentry","category-traduzione-specialistica-dei-testi-1-anno","category-traduzione-specialistica-dei-testi-2-anno","category-41799-id","category-41800-id","post-seq-1","post-parity-odd","meta-position-corners","fix"],"_links":{"self":[{"href":"https:\/\/people.unica.it\/traduzionespecialisticadeitesti\/wp-json\/wp\/v2\/posts\/4766","targetHints":{"allow":["GET"]}}],"collection":[{"href":"https:\/\/people.unica.it\/traduzionespecialisticadeitesti\/wp-json\/wp\/v2\/posts"}],"about":[{"href":"https:\/\/people.unica.it\/traduzionespecialisticadeitesti\/wp-json\/wp\/v2\/types\/post"}],"author":[{"embeddable":true,"href":"https:\/\/people.unica.it\/traduzionespecialisticadeitesti\/wp-json\/wp\/v2\/users\/2071"}],"replies":[{"embeddable":true,"href":"https:\/\/people.unica.it\/traduzionespecialisticadeitesti\/wp-json\/wp\/v2\/comments?post=4766"}],"version-history":[{"count":1,"href":"https:\/\/people.unica.it\/traduzionespecialisticadeitesti\/wp-json\/wp\/v2\/posts\/4766\/revisions"}],"predecessor-version":[{"id":4767,"href":"https:\/\/people.unica.it\/traduzionespecialisticadeitesti\/wp-json\/wp\/v2\/posts\/4766\/revisions\/4767"}],"wp:attachment":[{"href":"https:\/\/people.unica.it\/traduzionespecialisticadeitesti\/wp-json\/wp\/v2\/media?parent=4766"}],"wp:term":[{"taxonomy":"category","embeddable":true,"href":"https:\/\/people.unica.it\/traduzionespecialisticadeitesti\/wp-json\/wp\/v2\/categories?post=4766"},{"taxonomy":"post_tag","embeddable":true,"href":"https:\/\/people.unica.it\/traduzionespecialisticadeitesti\/wp-json\/wp\/v2\/tags?post=4766"}],"curies":[{"name":"wp","href":"https:\/\/api.w.org\/{rel}","templated":true}]}}