{"id":3769,"date":"2018-09-11T12:03:53","date_gmt":"2018-09-11T12:03:53","guid":{"rendered":"http:\/\/people.unica.it\/traduzionespecialisticadeitesti\/?p=3769"},"modified":"2018-09-11T12:03:53","modified_gmt":"2018-09-11T12:03:53","slug":"verifica-della-preparazione-personale-traduzione-specialistica-dei-testi-12-settembre-ore-9-00","status":"publish","type":"post","link":"https:\/\/people.unica.it\/traduzionespecialisticadeitesti\/2018\/09\/11\/verifica-della-preparazione-personale-traduzione-specialistica-dei-testi-12-settembre-ore-9-00\/","title":{"rendered":"Verifica della preparazione personale TRADUZIONE SPECIALISTICA DEI TESTI 12 settembre ore 9.00"},"content":{"rendered":"<div class=\"entry-container fix\">\n<div class=\"entry fix\">\n<div class=\"entry-container fix\">\n<div class=\"entry fix\">\n<p class=\"first-para\">I candidati per la verifica della preparazione personale per il corso di laurea magistrale in <em>Traduzione specialistica dei testi<\/em> sono convocati per il <strong>12 settembre alle ore 8.30 in Aula Magna.<\/strong><\/p>\n<p>I candidati dovranno portare con s\u00e9 un documento di identit\u00e0 valido, la ricevuta del versamento della tassa di partecipazione e una penna.<\/p>\n<p>Non \u00e8 consentito l\u2019uso di dizionari.<\/p>\n<p>Si allega verifica dei requisiti curriculari PROVVISORIA (la verifica definitiva sar\u00e0 approvata in Consiglio di Classe il 18\/09).<\/p>\n<p><a href=\"http:\/\/people.unica.it\/traduzionespecialisticadeitesti\/2018\/09\/11\/verifica-della-preparazione-personale-traduzione-specialistica-dei-testi-12-settembre-ore-9-00\/verifica-requisiti-curriculari-provvisoria\/\" rel=\"attachment wp-att-3770\">Verifica requisiti curriculari PROVVISORIA<\/a><\/p>\n<\/div>\n<\/div>\n<\/div>\n<\/div>\n","protected":false},"excerpt":{"rendered":"<p>I candidati per la verifica della preparazione personale per il corso di laurea magistrale in Traduzione specialistica dei testi sono convocati per il 12 settembre alle ore 8.30 in Aula Magna. I candidati dovranno portare con s\u00e9 un documento di identit\u00e0 valido, la ricevuta del versamento della tassa di partecipazione e una penna. Non \u00e8 consentito l\u2019uso di dizionari. Si allega verifica dei requisiti curriculari PROVVISORIA (la verifica definitiva sar\u00e0 approvata in Consiglio di Classe il 18\/09). Verifica requisiti curriculari PROVVISORIA<\/p>\n","protected":false},"author":2071,"featured_media":0,"comment_status":"closed","ping_status":"closed","sticky":false,"template":"","format":"standard","meta":{"footnotes":""},"categories":[41799],"tags":[],"class_list":["post-3769","post","type-post","status-publish","format-standard","hentry","category-traduzione-specialistica-dei-testi-1-anno","category-41799-id","post-seq-1","post-parity-odd","meta-position-corners","fix"],"_links":{"self":[{"href":"https:\/\/people.unica.it\/traduzionespecialisticadeitesti\/wp-json\/wp\/v2\/posts\/3769","targetHints":{"allow":["GET"]}}],"collection":[{"href":"https:\/\/people.unica.it\/traduzionespecialisticadeitesti\/wp-json\/wp\/v2\/posts"}],"about":[{"href":"https:\/\/people.unica.it\/traduzionespecialisticadeitesti\/wp-json\/wp\/v2\/types\/post"}],"author":[{"embeddable":true,"href":"https:\/\/people.unica.it\/traduzionespecialisticadeitesti\/wp-json\/wp\/v2\/users\/2071"}],"replies":[{"embeddable":true,"href":"https:\/\/people.unica.it\/traduzionespecialisticadeitesti\/wp-json\/wp\/v2\/comments?post=3769"}],"version-history":[{"count":3,"href":"https:\/\/people.unica.it\/traduzionespecialisticadeitesti\/wp-json\/wp\/v2\/posts\/3769\/revisions"}],"predecessor-version":[{"id":3773,"href":"https:\/\/people.unica.it\/traduzionespecialisticadeitesti\/wp-json\/wp\/v2\/posts\/3769\/revisions\/3773"}],"wp:attachment":[{"href":"https:\/\/people.unica.it\/traduzionespecialisticadeitesti\/wp-json\/wp\/v2\/media?parent=3769"}],"wp:term":[{"taxonomy":"category","embeddable":true,"href":"https:\/\/people.unica.it\/traduzionespecialisticadeitesti\/wp-json\/wp\/v2\/categories?post=3769"},{"taxonomy":"post_tag","embeddable":true,"href":"https:\/\/people.unica.it\/traduzionespecialisticadeitesti\/wp-json\/wp\/v2\/tags?post=3769"}],"curies":[{"name":"wp","href":"https:\/\/api.w.org\/{rel}","templated":true}]}}