{"id":2600,"date":"2016-09-09T17:44:27","date_gmt":"2016-09-09T17:44:27","guid":{"rendered":"http:\/\/people.unica.it\/traduzionespecialisticadeitesti\/?p=2600"},"modified":"2019-11-19T10:25:37","modified_gmt":"2019-11-19T10:25:37","slug":"verifica-preparazione-personale-lunedi-12-settembre-2016-alle-ore-16-00","status":"publish","type":"post","link":"https:\/\/people.unica.it\/traduzionespecialisticadeitesti\/2016\/09\/09\/verifica-preparazione-personale-lunedi-12-settembre-2016-alle-ore-16-00\/","title":{"rendered":"Verifica preparazione personale &#8211; luned\u00ec 12 settembre 2016 alle ore 16.00"},"content":{"rendered":"<div class=\"entry-container fix\">\n<div class=\"entry fix\">\n<p class=\"first-para\">I candidati sono convocati <strong>luned\u00ec 12 settembre alle ore 15.30<\/strong> in aula magna via san giorgio 12.<\/p>\n<p>Si ricorda di portare con s\u00e9: penna, documento di identit\u00e0 valido, ricevuta versamento tassa partecipazione.<\/p>\n<p>Non \u00e8 consentito l&#8217;uso di dizionari.<\/p>\n<p>In allegato la verifica <em>provvisoria<\/em> dei requisiti curriculari. I requisiti curriculari definitivi verranno approvati dal Consiglio competente in data 15.09.16 e pubblicati successivamente, insieme agli esiti della verifica.<\/p>\n<p><a href=\"http:\/\/people.unica.it\/traduzionespecialisticadeitesti\/2016\/09\/09\/verifica-preparazione-personale-lunedi-12-settembre-2016-alle-ore-16-00\/32-16-candidati-2016\/\" rel=\"attachment wp-att-2606\">verifica provvisoria requisiti curriculari<\/a><\/p>\n<\/div>\n<\/div>\n","protected":false},"excerpt":{"rendered":"<p>I candidati sono convocati luned\u00ec 12 settembre alle ore 15.30 in aula magna via san giorgio 12. Si ricorda di portare con s\u00e9: penna, documento di identit\u00e0 valido, ricevuta versamento tassa partecipazione. Non \u00e8 consentito l&#8217;uso di dizionari. In allegato la verifica provvisoria dei requisiti curriculari. I requisiti curriculari definitivi verranno approvati dal Consiglio competente in data 15.09.16 e pubblicati successivamente, insieme agli esiti della verifica. verifica provvisoria requisiti curriculari<\/p>\n","protected":false},"author":2071,"featured_media":0,"comment_status":"closed","ping_status":"closed","sticky":false,"template":"","format":"standard","meta":{"footnotes":""},"categories":[41799],"tags":[],"class_list":["post-2600","post","type-post","status-publish","format-standard","hentry","category-traduzione-specialistica-dei-testi-1-anno","category-41799-id","post-seq-1","post-parity-odd","meta-position-corners","fix"],"_links":{"self":[{"href":"https:\/\/people.unica.it\/traduzionespecialisticadeitesti\/wp-json\/wp\/v2\/posts\/2600","targetHints":{"allow":["GET"]}}],"collection":[{"href":"https:\/\/people.unica.it\/traduzionespecialisticadeitesti\/wp-json\/wp\/v2\/posts"}],"about":[{"href":"https:\/\/people.unica.it\/traduzionespecialisticadeitesti\/wp-json\/wp\/v2\/types\/post"}],"author":[{"embeddable":true,"href":"https:\/\/people.unica.it\/traduzionespecialisticadeitesti\/wp-json\/wp\/v2\/users\/2071"}],"replies":[{"embeddable":true,"href":"https:\/\/people.unica.it\/traduzionespecialisticadeitesti\/wp-json\/wp\/v2\/comments?post=2600"}],"version-history":[{"count":5,"href":"https:\/\/people.unica.it\/traduzionespecialisticadeitesti\/wp-json\/wp\/v2\/posts\/2600\/revisions"}],"predecessor-version":[{"id":2607,"href":"https:\/\/people.unica.it\/traduzionespecialisticadeitesti\/wp-json\/wp\/v2\/posts\/2600\/revisions\/2607"}],"wp:attachment":[{"href":"https:\/\/people.unica.it\/traduzionespecialisticadeitesti\/wp-json\/wp\/v2\/media?parent=2600"}],"wp:term":[{"taxonomy":"category","embeddable":true,"href":"https:\/\/people.unica.it\/traduzionespecialisticadeitesti\/wp-json\/wp\/v2\/categories?post=2600"},{"taxonomy":"post_tag","embeddable":true,"href":"https:\/\/people.unica.it\/traduzionespecialisticadeitesti\/wp-json\/wp\/v2\/tags?post=2600"}],"curies":[{"name":"wp","href":"https:\/\/api.w.org\/{rel}","templated":true}]}}