{"id":501,"date":"2012-06-12T18:05:44","date_gmt":"2012-06-12T18:05:44","guid":{"rendered":"http:\/\/people.unica.it\/sdfe\/?p=501"},"modified":"2012-06-12T19:50:03","modified_gmt":"2012-06-12T19:50:03","slug":"tenth-international-isns-conference-cagliari-2012","status":"publish","type":"post","link":"https:\/\/people.unica.it\/sdfe\/?p=501","title":{"rendered":"Tenth International ISNS Conference &#8211; Cagliari 2012"},"content":{"rendered":"<p><strong> Dal 20 al 23 giugno<\/strong> si svolger\u00e0,<br \/>\npresso la<strong> Cittadella dei Musei<\/strong>(Piazza Arsenale n. 1 &#8211; Cagliari),<br \/>\nil <strong>Decimo Convegno Internazionale dell&#8217;ISNS<\/strong><br \/>\n(<em>International Society for Neoplatonic Studies<\/em>). <\/p>\n<p>All&#8217;evento interverranno pi\u00f9 di cento relatori, tra professori, ricercatori, dottorandi e studiosi provenienti da universit\u00e0 di tutto il mondo, e impegnati nello studio delle tradizioni filosofiche platonica e neoplatonica in et\u00e0 antica, medievale, moderna e contemporanea.<\/p>\n<p><a href=\"http:\/\/people.unica.it\/sdfe\/files\/2012\/06\/Locandina.pdf\">Locandina del Convegno<\/a><\/p>\n<p>Pieghevole: <a href=\"http:\/\/people.unica.it\/sdfe\/files\/2012\/06\/Pieghevole-fronte.pdf\">Fronte<\/a> &#8211; <a href=\"http:\/\/people.unica.it\/sdfe\/files\/2012\/06\/Pieghevole-retro.pdf\">Retro<\/a><\/p>\n<p><a href=\"http:\/\/people.unica.it\/sdfe\/files\/2012\/06\/Booklet.pdf\">Programma dettagliato<\/a><\/p>\n<p><a href=\"http:\/\/people.unica.it\/neoplatonic\/\">Sito del Convegno<\/a><\/p>\n","protected":false},"excerpt":{"rendered":"<p>Dal 20 al 23 giugno si svolger\u00e0, presso la Cittadella dei Musei(Piazza Arsenale n. 1 &#8211; Cagliari), il Decimo Convegno Internazionale dell&#8217;ISNS (International Society for Neoplatonic Studies). All&#8217;evento interverranno pi\u00f9 di cento relatori, tra professori, ricercatori, dottorandi e studiosi provenienti da universit\u00e0 di tutto il mondo, e impegnati nello studio delle tradizioni filosofiche platonica e neoplatonica in et\u00e0 antica, medievale, moderna e contemporanea. Locandina del Convegno Pieghevole: Fronte &#8211; Retro Programma dettagliato Sito del Convegno<\/p>\n","protected":false},"author":482,"featured_media":0,"comment_status":"closed","ping_status":"open","sticky":false,"template":"","format":"standard","meta":{"footnotes":""},"categories":[12],"tags":[],"class_list":["post-501","post","type-post","status-publish","format-standard","hentry","category-senza-categoria","category-12-id","post-seq-1","post-parity-odd","meta-position-corners","fix"],"_links":{"self":[{"href":"https:\/\/people.unica.it\/sdfe\/index.php?rest_route=\/wp\/v2\/posts\/501","targetHints":{"allow":["GET"]}}],"collection":[{"href":"https:\/\/people.unica.it\/sdfe\/index.php?rest_route=\/wp\/v2\/posts"}],"about":[{"href":"https:\/\/people.unica.it\/sdfe\/index.php?rest_route=\/wp\/v2\/types\/post"}],"author":[{"embeddable":true,"href":"https:\/\/people.unica.it\/sdfe\/index.php?rest_route=\/wp\/v2\/users\/482"}],"replies":[{"embeddable":true,"href":"https:\/\/people.unica.it\/sdfe\/index.php?rest_route=%2Fwp%2Fv2%2Fcomments&post=501"}],"version-history":[{"count":12,"href":"https:\/\/people.unica.it\/sdfe\/index.php?rest_route=\/wp\/v2\/posts\/501\/revisions"}],"predecessor-version":[{"id":510,"href":"https:\/\/people.unica.it\/sdfe\/index.php?rest_route=\/wp\/v2\/posts\/501\/revisions\/510"}],"wp:attachment":[{"href":"https:\/\/people.unica.it\/sdfe\/index.php?rest_route=%2Fwp%2Fv2%2Fmedia&parent=501"}],"wp:term":[{"taxonomy":"category","embeddable":true,"href":"https:\/\/people.unica.it\/sdfe\/index.php?rest_route=%2Fwp%2Fv2%2Fcategories&post=501"},{"taxonomy":"post_tag","embeddable":true,"href":"https:\/\/people.unica.it\/sdfe\/index.php?rest_route=%2Fwp%2Fv2%2Ftags&post=501"}],"curies":[{"name":"wp","href":"https:\/\/api.w.org\/{rel}","templated":true}]}}