{"id":456,"date":"2012-04-23T11:42:00","date_gmt":"2012-04-23T11:42:00","guid":{"rendered":"http:\/\/people.unica.it\/sdfe\/?p=456"},"modified":"2012-04-23T11:42:00","modified_gmt":"2012-04-23T11:42:00","slug":"conferenza-prof-zelaniec-universita-di-danzica","status":"publish","type":"post","link":"https:\/\/people.unica.it\/sdfe\/?p=456","title":{"rendered":"Conferenza Prof. \u017be\u0142aniec (Universit\u00e0 di Danzica)"},"content":{"rendered":"<p>Nell&#8217;ambito del Programma Visiting Professor 2012<br \/>\nfinanziato dalla Regione Autonoma della Sardegna<\/p>\n<p>Il Professor <\/p>\n<p>Wojciech \u017be\u0142aniec<br \/>\n(Universit\u00e0 di Danzica)<\/p>\n<p>terr\u00e0 una conferenza in due parti sul tema<\/p>\n<p><em>Perch\u00e9 il \u201cveridico\u201d non esprime un pensiero<\/em><strong><\/p>\n<p>Gioved\u00ec 26 Aprile 2012 (parte prima) Ore 10,00<br \/>\nVenerd\u00ec 27 Aprile 2012 (parte seconda) Ore 10,00<\/p>\n<p>Aula Magna \u201cBacchisio Raimondo Motzo\u201d <\/p>\n","protected":false},"excerpt":{"rendered":"<p>Nell&#8217;ambito del Programma Visiting Professor 2012 finanziato dalla Regione Autonoma della Sardegna Il Professor Wojciech \u017be\u0142aniec (Universit\u00e0 di Danzica) terr\u00e0 una conferenza in due parti sul tema Perch\u00e9 il \u201cveridico\u201d non esprime un pensiero Gioved\u00ec 26 Aprile 2012 (parte prima) Ore 10,00 Venerd\u00ec 27 Aprile 2012 (parte seconda) Ore 10,00 Aula Magna \u201cBacchisio Raimondo Motzo\u201d<\/p>\n","protected":false},"author":482,"featured_media":0,"comment_status":"closed","ping_status":"open","sticky":false,"template":"","format":"standard","meta":{"footnotes":""},"categories":[12],"tags":[],"class_list":["post-456","post","type-post","status-publish","format-standard","hentry","category-senza-categoria","category-12-id","post-seq-1","post-parity-odd","meta-position-corners","fix"],"_links":{"self":[{"href":"https:\/\/people.unica.it\/sdfe\/index.php?rest_route=\/wp\/v2\/posts\/456","targetHints":{"allow":["GET"]}}],"collection":[{"href":"https:\/\/people.unica.it\/sdfe\/index.php?rest_route=\/wp\/v2\/posts"}],"about":[{"href":"https:\/\/people.unica.it\/sdfe\/index.php?rest_route=\/wp\/v2\/types\/post"}],"author":[{"embeddable":true,"href":"https:\/\/people.unica.it\/sdfe\/index.php?rest_route=\/wp\/v2\/users\/482"}],"replies":[{"embeddable":true,"href":"https:\/\/people.unica.it\/sdfe\/index.php?rest_route=%2Fwp%2Fv2%2Fcomments&post=456"}],"version-history":[{"count":1,"href":"https:\/\/people.unica.it\/sdfe\/index.php?rest_route=\/wp\/v2\/posts\/456\/revisions"}],"predecessor-version":[{"id":457,"href":"https:\/\/people.unica.it\/sdfe\/index.php?rest_route=\/wp\/v2\/posts\/456\/revisions\/457"}],"wp:attachment":[{"href":"https:\/\/people.unica.it\/sdfe\/index.php?rest_route=%2Fwp%2Fv2%2Fmedia&parent=456"}],"wp:term":[{"taxonomy":"category","embeddable":true,"href":"https:\/\/people.unica.it\/sdfe\/index.php?rest_route=%2Fwp%2Fv2%2Fcategories&post=456"},{"taxonomy":"post_tag","embeddable":true,"href":"https:\/\/people.unica.it\/sdfe\/index.php?rest_route=%2Fwp%2Fv2%2Ftags&post=456"}],"curies":[{"name":"wp","href":"https:\/\/api.w.org\/{rel}","templated":true}]}}