{"id":431,"date":"2012-03-04T08:00:53","date_gmt":"2012-03-04T08:00:53","guid":{"rendered":"http:\/\/people.unica.it\/sdfe\/?p=431"},"modified":"2012-03-04T08:00:53","modified_gmt":"2012-03-04T08:00:53","slug":"prossime-lezioni","status":"publish","type":"post","link":"https:\/\/people.unica.it\/sdfe\/?p=431","title":{"rendered":"Prossime lezioni"},"content":{"rendered":"<p>Il 6 marzo, dalle 10 alle 12, inizier\u00e0 il\u00a0corso tenuto dalla Prof.ssa Maria Teresa Marcialis che avr\u00e0 per tema &#8220;Il cogito: problemi e difficolt\u00e0&#8221;.<br \/>\nLe lezioni, che si svolgeranno nello Studio n. 17 al primo piano della Facolt\u00e0 di Lettere, proseguiranno per tutto il mese di aprile nei giorni e con gli orari presenti nel prospetto affisso nell&#8217;andito dello Studio n. 17.<\/p>\n<p>Nel mese di aprile (settimana dal 16 al 20 con orario ancora da definire) si svolger\u00e0 anche il corso del Prof. Giuliano Pontara intitolato &#8220;L&#8217;etica e la frammentazione del carattere&#8221;.<\/p>\n","protected":false},"excerpt":{"rendered":"<p>Il 6 marzo, dalle 10 alle 12, inizier\u00e0 il\u00a0corso tenuto dalla Prof.ssa Maria Teresa Marcialis che avr\u00e0 per tema &#8220;Il cogito: problemi e difficolt\u00e0&#8221;. Le lezioni, che si svolgeranno nello Studio n. 17 al primo piano della Facolt\u00e0 di Lettere, proseguiranno per tutto il mese di aprile nei giorni e con gli orari presenti nel prospetto affisso nell&#8217;andito dello Studio n. 17. Nel mese di aprile (settimana dal 16 al 20 con orario ancora da definire) si svolger\u00e0 anche il corso del Prof. Giuliano Pontara intitolato &#8220;L&#8217;etica e la frammentazione del carattere&#8221;.<\/p>\n","protected":false},"author":482,"featured_media":0,"comment_status":"closed","ping_status":"open","sticky":false,"template":"","format":"standard","meta":{"footnotes":""},"categories":[12],"tags":[],"class_list":["post-431","post","type-post","status-publish","format-standard","hentry","category-senza-categoria","category-12-id","post-seq-1","post-parity-odd","meta-position-corners","fix"],"_links":{"self":[{"href":"https:\/\/people.unica.it\/sdfe\/index.php?rest_route=\/wp\/v2\/posts\/431","targetHints":{"allow":["GET"]}}],"collection":[{"href":"https:\/\/people.unica.it\/sdfe\/index.php?rest_route=\/wp\/v2\/posts"}],"about":[{"href":"https:\/\/people.unica.it\/sdfe\/index.php?rest_route=\/wp\/v2\/types\/post"}],"author":[{"embeddable":true,"href":"https:\/\/people.unica.it\/sdfe\/index.php?rest_route=\/wp\/v2\/users\/482"}],"replies":[{"embeddable":true,"href":"https:\/\/people.unica.it\/sdfe\/index.php?rest_route=%2Fwp%2Fv2%2Fcomments&post=431"}],"version-history":[{"count":1,"href":"https:\/\/people.unica.it\/sdfe\/index.php?rest_route=\/wp\/v2\/posts\/431\/revisions"}],"predecessor-version":[{"id":432,"href":"https:\/\/people.unica.it\/sdfe\/index.php?rest_route=\/wp\/v2\/posts\/431\/revisions\/432"}],"wp:attachment":[{"href":"https:\/\/people.unica.it\/sdfe\/index.php?rest_route=%2Fwp%2Fv2%2Fmedia&parent=431"}],"wp:term":[{"taxonomy":"category","embeddable":true,"href":"https:\/\/people.unica.it\/sdfe\/index.php?rest_route=%2Fwp%2Fv2%2Fcategories&post=431"},{"taxonomy":"post_tag","embeddable":true,"href":"https:\/\/people.unica.it\/sdfe\/index.php?rest_route=%2Fwp%2Fv2%2Ftags&post=431"}],"curies":[{"name":"wp","href":"https:\/\/api.w.org\/{rel}","templated":true}]}}