{"id":320,"date":"2011-11-15T18:19:55","date_gmt":"2011-11-15T18:19:55","guid":{"rendered":"http:\/\/people.unica.it\/sdfe\/?p=320"},"modified":"2011-11-21T16:14:49","modified_gmt":"2011-11-21T16:14:49","slug":"convegno","status":"publish","type":"post","link":"https:\/\/people.unica.it\/sdfe\/?p=320","title":{"rendered":"Fantasia, immaginazione e conoscenza nel tardo-medioevo"},"content":{"rendered":"<p>Fantasia, immaginazione e conoscenza nel tardo-medioevo<\/p>\n<p>Intervengono<\/p>\n<p>Andrea Colli e Chiara Selogna<br \/>\n(Borsisti RAS \u2013 Universit\u00e0 degli Studi di Cagliari)<\/p>\n<p>Introduce<br \/>\nMaria Teresa Marcialis<br \/>\n(Universit\u00e0 degli Studi di Cagliari)<\/p>\n<p>Luned\u00ec, 21 novembre 2011<br \/>\nOre 11 \u2013 13 Aula 11<br \/>\nFacolt\u00e0 di Lettere e Filosofia<\/p>\n","protected":false},"excerpt":{"rendered":"<p>Fantasia, immaginazione e conoscenza nel tardo-medioevo Intervengono Andrea Colli e Chiara Selogna (Borsisti RAS \u2013 Universit\u00e0 degli Studi di Cagliari) Introduce Maria Teresa Marcialis (Universit\u00e0 degli Studi di Cagliari) Luned\u00ec, 21 novembre 2011 Ore 11 \u2013 13 Aula 11 Facolt\u00e0 di Lettere e Filosofia<\/p>\n","protected":false},"author":482,"featured_media":335,"comment_status":"closed","ping_status":"open","sticky":false,"template":"","format":"standard","meta":{"footnotes":""},"categories":[12],"tags":[],"class_list":["post-320","post","type-post","status-publish","format-standard","has-post-thumbnail","hentry","category-senza-categoria","category-12-id","post-seq-1","post-parity-odd","meta-position-corners","fix"],"_links":{"self":[{"href":"https:\/\/people.unica.it\/sdfe\/index.php?rest_route=\/wp\/v2\/posts\/320","targetHints":{"allow":["GET"]}}],"collection":[{"href":"https:\/\/people.unica.it\/sdfe\/index.php?rest_route=\/wp\/v2\/posts"}],"about":[{"href":"https:\/\/people.unica.it\/sdfe\/index.php?rest_route=\/wp\/v2\/types\/post"}],"author":[{"embeddable":true,"href":"https:\/\/people.unica.it\/sdfe\/index.php?rest_route=\/wp\/v2\/users\/482"}],"replies":[{"embeddable":true,"href":"https:\/\/people.unica.it\/sdfe\/index.php?rest_route=%2Fwp%2Fv2%2Fcomments&post=320"}],"version-history":[{"count":3,"href":"https:\/\/people.unica.it\/sdfe\/index.php?rest_route=\/wp\/v2\/posts\/320\/revisions"}],"predecessor-version":[{"id":352,"href":"https:\/\/people.unica.it\/sdfe\/index.php?rest_route=\/wp\/v2\/posts\/320\/revisions\/352"}],"wp:featuredmedia":[{"embeddable":true,"href":"https:\/\/people.unica.it\/sdfe\/index.php?rest_route=\/wp\/v2\/media\/335"}],"wp:attachment":[{"href":"https:\/\/people.unica.it\/sdfe\/index.php?rest_route=%2Fwp%2Fv2%2Fmedia&parent=320"}],"wp:term":[{"taxonomy":"category","embeddable":true,"href":"https:\/\/people.unica.it\/sdfe\/index.php?rest_route=%2Fwp%2Fv2%2Fcategories&post=320"},{"taxonomy":"post_tag","embeddable":true,"href":"https:\/\/people.unica.it\/sdfe\/index.php?rest_route=%2Fwp%2Fv2%2Ftags&post=320"}],"curies":[{"name":"wp","href":"https:\/\/api.w.org\/{rel}","templated":true}]}}