{"id":118,"date":"2011-04-01T13:23:45","date_gmt":"2011-04-01T13:23:45","guid":{"rendered":"http:\/\/people.unica.it\/sdfe\/?p=118"},"modified":"2011-10-01T08:42:30","modified_gmt":"2011-10-01T08:42:30","slug":"seminari-dott-ledda-introduzione-alluso-del-latex","status":"publish","type":"post","link":"https:\/\/people.unica.it\/sdfe\/?p=118","title":{"rendered":"Seminari Dott. Ledda &#8211; introduzione all&#8217;uso del Latex"},"content":{"rendered":"<p>Il Dott. Antonio Ledda terr\u00e0 due seminari di<\/p>\n<p>introduzione all&#8217;uso del Latex<\/p>\n<p>&nbsp;<\/p>\n<p>gioved\u00ec 14 aprile, 15-17<\/p>\n<p>luned\u00ec 18 aprile, 15-17<\/p>\n<p>L&#8217;aula verr\u00e0 comunicata in seguito.<\/p>\n<p>I seminari fanno parte dell&#8217;Offerta Formativa del Dottorato in  Storia, Filosofia e Didattica delle Scienze.<\/p>\n<p>In allegato il programma dei  seminari.<\/p>\n<p>Marco Giunti<\/p>\n<p><a href=\"http:\/\/people.unica.it\/sdfe\/files\/2011\/04\/Corso2011Ledda-Latex1.pdf\">Corso2011Ledda-Latex1<\/a><\/p>\n<p>&nbsp;<\/p>\n","protected":false},"excerpt":{"rendered":"<p>Il Dott. Antonio Ledda terr\u00e0 due seminari di introduzione all&#8217;uso del Latex &nbsp; gioved\u00ec 14 aprile, 15-17 luned\u00ec 18 aprile, 15-17 L&#8217;aula verr\u00e0 comunicata in seguito. I seminari fanno parte dell&#8217;Offerta Formativa del Dottorato in Storia, Filosofia e Didattica delle Scienze. In allegato il programma dei seminari. Marco Giunti Corso2011Ledda-Latex1 &nbsp;<\/p>\n","protected":false},"author":28,"featured_media":0,"comment_status":"closed","ping_status":"open","sticky":false,"template":"","format":"standard","meta":{"footnotes":""},"categories":[19434],"tags":[],"class_list":["post-118","post","type-post","status-publish","format-standard","hentry","category-avvisi-corsi-e-seminari","category-19434-id","post-seq-1","post-parity-odd","meta-position-corners","fix"],"_links":{"self":[{"href":"https:\/\/people.unica.it\/sdfe\/index.php?rest_route=\/wp\/v2\/posts\/118","targetHints":{"allow":["GET"]}}],"collection":[{"href":"https:\/\/people.unica.it\/sdfe\/index.php?rest_route=\/wp\/v2\/posts"}],"about":[{"href":"https:\/\/people.unica.it\/sdfe\/index.php?rest_route=\/wp\/v2\/types\/post"}],"author":[{"embeddable":true,"href":"https:\/\/people.unica.it\/sdfe\/index.php?rest_route=\/wp\/v2\/users\/28"}],"replies":[{"embeddable":true,"href":"https:\/\/people.unica.it\/sdfe\/index.php?rest_route=%2Fwp%2Fv2%2Fcomments&post=118"}],"version-history":[{"count":2,"href":"https:\/\/people.unica.it\/sdfe\/index.php?rest_route=\/wp\/v2\/posts\/118\/revisions"}],"predecessor-version":[{"id":197,"href":"https:\/\/people.unica.it\/sdfe\/index.php?rest_route=\/wp\/v2\/posts\/118\/revisions\/197"}],"wp:attachment":[{"href":"https:\/\/people.unica.it\/sdfe\/index.php?rest_route=%2Fwp%2Fv2%2Fmedia&parent=118"}],"wp:term":[{"taxonomy":"category","embeddable":true,"href":"https:\/\/people.unica.it\/sdfe\/index.php?rest_route=%2Fwp%2Fv2%2Fcategories&post=118"},{"taxonomy":"post_tag","embeddable":true,"href":"https:\/\/people.unica.it\/sdfe\/index.php?rest_route=%2Fwp%2Fv2%2Ftags&post=118"}],"curies":[{"name":"wp","href":"https:\/\/api.w.org\/{rel}","templated":true}]}}