{"id":4468,"date":"2022-05-05T09:36:04","date_gmt":"2022-05-05T09:36:04","guid":{"rendered":"https:\/\/people.unica.it\/scienzepedagogicheedeiservizieducativi\/?p=4468"},"modified":"2022-05-05T09:36:04","modified_gmt":"2022-05-05T09:36:04","slug":"convegno-internazionale-intercorporeality-and-intersubjectivity","status":"publish","type":"post","link":"https:\/\/people.unica.it\/scienzepedagogicheedeiservizieducativi\/2022\/05\/05\/convegno-internazionale-intercorporeality-and-intersubjectivity\/","title":{"rendered":"Convegno Internazionale &#8220;Intercorporeality and intersubjectivity&#8221;"},"content":{"rendered":"<p>Si segnala l&#8217;importante\u00a0Convegno Internazionale Intercorporeality and intersubjectivity: Implications for infant research, mental health promotion, and clinical work with children and their families che si terr\u00e0 il giorno 20 maggio 2022 in Aula Capitini della Facolt\u00e0 di Studi Umanistici.<\/p>\n<p>Al convegno, tra gli altri, parteciper\u00e0 il prof. Stephen Seligman (University of California San Francisco)<\/p>\n<p><img decoding=\"async\" class=\"alignnone size-full wp-image-3183\" src=\"https:\/\/people.unica.it\/scienzepedagogicheedeiservizieducativi\/files\/2018\/12\/Adobe_Icon.png\" alt=\"\" width=\"16\" height=\"19\" srcset=\"https:\/\/people.unica.it\/scienzepedagogicheedeiservizieducativi\/files\/2018\/12\/Adobe_Icon.png 16w, https:\/\/people.unica.it\/scienzepedagogicheedeiservizieducativi\/files\/2018\/12\/Adobe_Icon-2x2.png 2w\" sizes=\"(max-width: 16px) 100vw, 16px\" \/> <a href=\"https:\/\/people.unica.it\/scienzepedagogicheedeiservizieducativi\/files\/2022\/05\/convegno-Seligman-2022-con-loghi-1.pdf\">Locandina convegno Seligman 2022<\/a><\/p>\n<hr \/>\n<p>E&#8217; stato richiesto il riconoscimento di 1 CFU al Consiglio dei corsi di studio dell&#8217;area pedagogica (L-19 e LM-50&amp;85) per quanti parteciperanno all&#8217;incontro, presenteranno l&#8217;attestato di frequenza e consegneranno una relazione, da stendere secondo i criteri indicati nel regolamento, e da inoltrare alla professoressa Laura Vismara.<\/p>","protected":false},"excerpt":{"rendered":"<p>Si segnala l&#8217;importante\u00a0Convegno Internazionale Intercorporeality and intersubjectivity: Implications for infant research, mental health promotion, and clinical work with children and their families che si terr\u00e0 il giorno 20 maggio 2022 in Aula Capitini della Facolt\u00e0 di Studi Umanistici. Al convegno, tra gli altri, parteciper\u00e0 il prof. Stephen Seligman (University of California San Francisco) Locandina convegno Seligman 2022 E&#8217; stato richiesto il riconoscimento di 1 CFU al Consiglio dei corsi di studio dell&#8217;area pedagogica (L-19 e LM-50&amp;85) per quanti parteciperanno all&#8217;incontro, presenteranno l&#8217;attestato di frequenza e consegneranno una relazione, da stendere secondo i criteri indicati nel regolamento, e da inoltrare alla <a href='https:\/\/people.unica.it\/scienzepedagogicheedeiservizieducativi\/2022\/05\/05\/convegno-internazionale-intercorporeality-and-intersubjectivity\/' class='excerpt-more'>[&#8230;]<\/a><\/p>\n","protected":false},"author":481,"featured_media":0,"comment_status":"closed","ping_status":"closed","sticky":false,"template":"","format":"standard","meta":{"footnotes":""},"categories":[117697,114977,13,873,164,108,694,59041,59042,41795,41796,75],"tags":[],"class_list":["post-4468","post","type-post","status-publish","format-standard","hentry","category-attivitaseminariali_sef","category-attivitaseminariali_spse","category-avvisi","category-convegni","category-eventi","category-home-page","category-notizie","category-primo-piano-sef","category-primo-piano-spse","category-scienze-pedagogiche-e-dei-servizi-educativi-1-anno","category-scienze-pedagogiche-e-dei-servizi-educativi-2-anno","category-seminari","category-117697-id","category-114977-id","category-13-id","category-873-id","category-164-id","category-108-id","category-694-id","category-59041-id","category-59042-id","category-41795-id","category-41796-id","category-75-id","post-seq-1","post-parity-odd","meta-position-corners","fix"],"_links":{"self":[{"href":"https:\/\/people.unica.it\/scienzepedagogicheedeiservizieducativi\/wp-json\/wp\/v2\/posts\/4468","targetHints":{"allow":["GET"]}}],"collection":[{"href":"https:\/\/people.unica.it\/scienzepedagogicheedeiservizieducativi\/wp-json\/wp\/v2\/posts"}],"about":[{"href":"https:\/\/people.unica.it\/scienzepedagogicheedeiservizieducativi\/wp-json\/wp\/v2\/types\/post"}],"author":[{"embeddable":true,"href":"https:\/\/people.unica.it\/scienzepedagogicheedeiservizieducativi\/wp-json\/wp\/v2\/users\/481"}],"replies":[{"embeddable":true,"href":"https:\/\/people.unica.it\/scienzepedagogicheedeiservizieducativi\/wp-json\/wp\/v2\/comments?post=4468"}],"version-history":[{"count":1,"href":"https:\/\/people.unica.it\/scienzepedagogicheedeiservizieducativi\/wp-json\/wp\/v2\/posts\/4468\/revisions"}],"predecessor-version":[{"id":4471,"href":"https:\/\/people.unica.it\/scienzepedagogicheedeiservizieducativi\/wp-json\/wp\/v2\/posts\/4468\/revisions\/4471"}],"wp:attachment":[{"href":"https:\/\/people.unica.it\/scienzepedagogicheedeiservizieducativi\/wp-json\/wp\/v2\/media?parent=4468"}],"wp:term":[{"taxonomy":"category","embeddable":true,"href":"https:\/\/people.unica.it\/scienzepedagogicheedeiservizieducativi\/wp-json\/wp\/v2\/categories?post=4468"},{"taxonomy":"post_tag","embeddable":true,"href":"https:\/\/people.unica.it\/scienzepedagogicheedeiservizieducativi\/wp-json\/wp\/v2\/tags?post=4468"}],"curies":[{"name":"wp","href":"https:\/\/api.w.org\/{rel}","templated":true}]}}