{"id":1941,"date":"2015-11-17T08:56:29","date_gmt":"2015-11-17T08:56:29","guid":{"rendered":"http:\/\/people.unica.it\/politichesocietaeterritorio\/?p=1941"},"modified":"2015-11-17T08:56:29","modified_gmt":"2015-11-17T08:56:29","slug":"messaggio-in-memoria-di-valeria-solesin","status":"publish","type":"post","link":"https:\/\/people.unica.it\/politichesocietaeterritorio\/2015\/11\/17\/messaggio-in-memoria-di-valeria-solesin\/","title":{"rendered":"Messaggio in memoria di Valeria Solesin"},"content":{"rendered":"<p>Care\/i studentesse\/studenti,<\/p>\n<p>siamo rimasti tutti profondamente colpiti da quanto accaduto a Parigi. La morte di decine di giovani \u00e8 difficilmente sopportabile. Una delle vittime Valeria Solesin, come sapete, era una giovane italiana, a Parigi per svolgere la propria attivit\u00e0 di ricerca presso l&#8217;Universit\u00e0 di Paris 1 Panth\u00e9on-Sorbonne e l&#8217;INED. Recentemente ho avuto occasione di essere \u201cmolto vicino\u201c a Valeria poich\u00e9 entrambi abbiamo partecipato alla riunione biennale dell\u2019AISP (Associazione Italiana per gli Studi sulla Popolazione) nello scorso febbraio a Palermo. Ricordo benissimo di essermi soffermato nella lettura del poster da lei presentato dal titolo \u201c<strong>Differenze regionali di fecondit\u00e0 in Italia. Si pu\u00f2 parlare di \u00ab una \u00bb fecondit\u00e0 italiana ?<\/strong>\u201d, ma non l\u2019ho conosciuta, non ve ne \u00e8 stata occasione. Nella stessa riunione scientifica Valeria ha presentato anche la comunicazione dal titolo \u201c<strong>Oltre il figlio unico? Vincoli e opportunit\u00e0 in Francia e in Italia\u201d<\/strong>. Se non fosse per la mail ricevuta oggi dalla Segreteria dell\u2019AISP e di cui allego il link, non avrei avuto memoria di questo \u201cincontro\u201d. Valeria si occupava, tra l\u2019altro, di studiare le dinamiche delle fertilit\u00e0 comparando due paesi apparentemente simili come l\u2019Italia e la Francia, ma con tassi di fecondit\u00e0 notevolmente diversi. E provava a dare il suo contributo ad interpretare le ragioni di questa differenza. Vi consiglio, se lo desiderate, di leggere il breve saggio pubblicato sulla rivista elettronica Neodemos dell\u2019AISP circa due anni fa e l\u2019abstract della comunicazione che menzionavo prima.<\/p>\n<p>Esprimo a nomi di tutti le pi\u00f9 sentite condoglianze alla famiglia.<\/p>\n<p><a href=\"http:\/\/www.sis-aisp.it\/ocs-2.3.4\/index.php\/gsp2015\/popdays2015\/schedConf\/program\">http:\/\/www.sis-aisp.it\/ocs-2.3.4\/index.php\/gsp2015\/popdays2015\/schedConf\/program<\/a><\/p>\n<p>http:\/\/www.sis-aisp.it\/<\/p>\n<p>&nbsp;<\/p>\n<p>Il Coordinatore<\/p>\n<p>Nicola Tedesco<\/p>","protected":false},"excerpt":{"rendered":"<p>Care\/i studentesse\/studenti, siamo rimasti tutti profondamente colpiti da quanto accaduto a Parigi. La morte di decine di giovani \u00e8 difficilmente sopportabile. Una delle vittime Valeria Solesin, come sapete, era una giovane italiana, a Parigi per svolgere la propria attivit\u00e0 di ricerca presso l&#8217;Universit\u00e0 di Paris 1 Panth\u00e9on-Sorbonne e l&#8217;INED. Recentemente ho avuto occasione di essere \u201cmolto vicino\u201c a Valeria poich\u00e9 entrambi abbiamo partecipato alla riunione biennale dell\u2019AISP (Associazione Italiana per gli Studi sulla Popolazione) nello scorso febbraio a Palermo. Ricordo benissimo di essermi soffermato nella lettura del poster da lei presentato dal titolo \u201cDifferenze regionali di fecondit\u00e0 in Italia. Si <a href='https:\/\/people.unica.it\/politichesocietaeterritorio\/2015\/11\/17\/messaggio-in-memoria-di-valeria-solesin\/' class='excerpt-more'>[&#8230;]<\/a><\/p>\n","protected":false},"author":683,"featured_media":0,"comment_status":"closed","ping_status":"closed","sticky":false,"template":"","format":"standard","meta":{"footnotes":""},"categories":[108],"tags":[],"class_list":["post-1941","post","type-post","status-publish","format-standard","hentry","category-home-page","category-108-id","post-seq-1","post-parity-odd","meta-position-corners","fix"],"publishpress_future_action":{"enabled":false,"date":"2026-05-07 20:35:32","action":"change-status","newStatus":"draft","terms":[],"taxonomy":"category","extraData":[]},"publishpress_future_workflow_manual_trigger":{"enabledWorkflows":[]},"_links":{"self":[{"href":"https:\/\/people.unica.it\/politichesocietaeterritorio\/wp-json\/wp\/v2\/posts\/1941","targetHints":{"allow":["GET"]}}],"collection":[{"href":"https:\/\/people.unica.it\/politichesocietaeterritorio\/wp-json\/wp\/v2\/posts"}],"about":[{"href":"https:\/\/people.unica.it\/politichesocietaeterritorio\/wp-json\/wp\/v2\/types\/post"}],"author":[{"embeddable":true,"href":"https:\/\/people.unica.it\/politichesocietaeterritorio\/wp-json\/wp\/v2\/users\/683"}],"replies":[{"embeddable":true,"href":"https:\/\/people.unica.it\/politichesocietaeterritorio\/wp-json\/wp\/v2\/comments?post=1941"}],"version-history":[{"count":1,"href":"https:\/\/people.unica.it\/politichesocietaeterritorio\/wp-json\/wp\/v2\/posts\/1941\/revisions"}],"predecessor-version":[{"id":1942,"href":"https:\/\/people.unica.it\/politichesocietaeterritorio\/wp-json\/wp\/v2\/posts\/1941\/revisions\/1942"}],"wp:attachment":[{"href":"https:\/\/people.unica.it\/politichesocietaeterritorio\/wp-json\/wp\/v2\/media?parent=1941"}],"wp:term":[{"taxonomy":"category","embeddable":true,"href":"https:\/\/people.unica.it\/politichesocietaeterritorio\/wp-json\/wp\/v2\/categories?post=1941"},{"taxonomy":"post_tag","embeddable":true,"href":"https:\/\/people.unica.it\/politichesocietaeterritorio\/wp-json\/wp\/v2\/tags?post=1941"}],"curies":[{"name":"wp","href":"https:\/\/api.w.org\/{rel}","templated":true}]}}