{"id":1888,"date":"2015-09-23T11:21:46","date_gmt":"2015-09-23T11:21:46","guid":{"rendered":"http:\/\/people.unica.it\/politichesocietaeterritorio\/?p=1888"},"modified":"2015-09-23T11:21:46","modified_gmt":"2015-09-23T11:21:46","slug":"inizio-delle-lezioni-del-ii-anno","status":"publish","type":"post","link":"https:\/\/people.unica.it\/politichesocietaeterritorio\/2015\/09\/23\/inizio-delle-lezioni-del-ii-anno\/","title":{"rendered":"Inizio delle lezioni del II anno"},"content":{"rendered":"<p>Si comunica che le lezioni del II anno del CdLM in PST inizieranno luned\u00ec 28 cm . Il corso di Diritto del Lavoro non si terr\u00e0 nel I semestre, bens\u00ec nel II semestre\u00a0in giorni e orari da definire.<\/p>","protected":false},"excerpt":{"rendered":"<p>Si comunica che le lezioni del II anno del CdLM in PST inizieranno luned\u00ec 28 cm . Il corso di Diritto del Lavoro non si terr\u00e0 nel I semestre, bens\u00ec nel II semestre\u00a0in giorni e orari da definire.<\/p>\n","protected":false},"author":683,"featured_media":0,"comment_status":"closed","ping_status":"closed","sticky":false,"template":"","format":"standard","meta":{"footnotes":""},"categories":[108],"tags":[],"class_list":["post-1888","post","type-post","status-publish","format-standard","hentry","category-home-page","category-108-id","post-seq-1","post-parity-odd","meta-position-corners","fix"],"publishpress_future_action":{"enabled":false,"date":"2026-05-07 20:35:32","action":"change-status","newStatus":"draft","terms":[],"taxonomy":"category","extraData":[]},"publishpress_future_workflow_manual_trigger":{"enabledWorkflows":[]},"_links":{"self":[{"href":"https:\/\/people.unica.it\/politichesocietaeterritorio\/wp-json\/wp\/v2\/posts\/1888","targetHints":{"allow":["GET"]}}],"collection":[{"href":"https:\/\/people.unica.it\/politichesocietaeterritorio\/wp-json\/wp\/v2\/posts"}],"about":[{"href":"https:\/\/people.unica.it\/politichesocietaeterritorio\/wp-json\/wp\/v2\/types\/post"}],"author":[{"embeddable":true,"href":"https:\/\/people.unica.it\/politichesocietaeterritorio\/wp-json\/wp\/v2\/users\/683"}],"replies":[{"embeddable":true,"href":"https:\/\/people.unica.it\/politichesocietaeterritorio\/wp-json\/wp\/v2\/comments?post=1888"}],"version-history":[{"count":1,"href":"https:\/\/people.unica.it\/politichesocietaeterritorio\/wp-json\/wp\/v2\/posts\/1888\/revisions"}],"predecessor-version":[{"id":1889,"href":"https:\/\/people.unica.it\/politichesocietaeterritorio\/wp-json\/wp\/v2\/posts\/1888\/revisions\/1889"}],"wp:attachment":[{"href":"https:\/\/people.unica.it\/politichesocietaeterritorio\/wp-json\/wp\/v2\/media?parent=1888"}],"wp:term":[{"taxonomy":"category","embeddable":true,"href":"https:\/\/people.unica.it\/politichesocietaeterritorio\/wp-json\/wp\/v2\/categories?post=1888"},{"taxonomy":"post_tag","embeddable":true,"href":"https:\/\/people.unica.it\/politichesocietaeterritorio\/wp-json\/wp\/v2\/tags?post=1888"}],"curies":[{"name":"wp","href":"https:\/\/api.w.org\/{rel}","templated":true}]}}