{"id":2305,"date":"2016-01-19T17:51:14","date_gmt":"2016-01-19T17:51:14","guid":{"rendered":"http:\/\/people.unica.it\/linguemoderneperlacomunicazioneelacooperazioneinternazionale\/?p=2305"},"modified":"2018-07-19T11:10:59","modified_gmt":"2018-07-19T11:10:59","slug":"ricevimento-coordinatore-didattico","status":"publish","type":"post","link":"https:\/\/people.unica.it\/linguemoderneperlacomunicazioneelacooperazioneinternazionale\/2016\/01\/19\/ricevimento-coordinatore-didattico\/","title":{"rendered":"Ricevimento coordinatore didattico"},"content":{"rendered":"<div class=\"entry fix\">\n<p class=\"first-para\">Gentili studenti,<br \/>\ncomunico che l\u2019ufficio di orientamento riaprir\u00e0 entro breve tempo, presumibilmente nel mese di febbraio.<br \/>\nNel frattempo, il mio servizio di ricevimento osserver\u00e0 la seguente organizzazione:<br \/>\n\u2013 A partire da venerd\u00ec 22 gennaio, potr\u00f2 fissare massimo 4 appuntamenti al giorno: alle 12:00, alle 12:15, alle 12:30 e alle 12:45.<br \/>\n\u2013 Ricever\u00f2 solo su appuntamento, da richiedere esclusivamente via mail a andrea.dettori@unica.it specificando nome, cognome, matricola e oggetto della richiesta in maniera il pi\u00f9 possibile esaustiva.<br \/>\n\u2013 Sar\u00e0 data priorit\u00e0 ad eventuali richieste urgenti. Informazioni di orientamento generiche su corsi di laurea, iscrizioni, tirocini non costituiscono richieste urgenti. Prego cortesemente chi non abbia urgenza di rimandare le proprie richieste alla riapertura dell\u2019ufficio orientamento.<br \/>\n\u2013 Non si effettuano ipotesi di riconoscimento esami per passaggi e trasferimenti.<br \/>\n\u2013 Chi dovesse semplicemente consegnare la documentazione di fine tirocinio, potr\u00e0 presentarsi senza appuntamento ma sempre fra le 12 e le 13.<\/p>\n<p>Comunico inoltre che mercoled\u00ec 20 e gioved\u00ec 21 gennaio non potr\u00f2 fare ricevimento.<\/p>\n<p>Ringrazio per la collaborazione.<\/p>\n<p>Andrea Dettori<\/p>\n<\/div>\n","protected":false},"excerpt":{"rendered":"<p>Gentili studenti, comunico che l\u2019ufficio di orientamento riaprir\u00e0 entro breve tempo, presumibilmente nel mese di febbraio. Nel frattempo, il mio servizio di ricevimento osserver\u00e0 la seguente organizzazione: \u2013 A partire da venerd\u00ec 22 gennaio, potr\u00f2 fissare massimo 4 appuntamenti al giorno: alle 12:00, alle 12:15, alle 12:30 e alle 12:45. \u2013 Ricever\u00f2 solo su appuntamento, da richiedere esclusivamente via mail a andrea.dettori@unica.it specificando nome, cognome, matricola e oggetto della richiesta in maniera il pi\u00f9 possibile esaustiva. \u2013 Sar\u00e0 data priorit\u00e0 ad eventuali richieste urgenti. Informazioni di orientamento generiche su corsi di laurea, iscrizioni, tirocini non costituiscono richieste urgenti. Prego cortesemente <a href='https:\/\/people.unica.it\/linguemoderneperlacomunicazioneelacooperazioneinternazionale\/2016\/01\/19\/ricevimento-coordinatore-didattico\/' class='excerpt-more'>[&#8230;]<\/a><\/p>\n","protected":false},"author":2071,"featured_media":0,"comment_status":"closed","ping_status":"closed","sticky":false,"template":"","format":"standard","meta":{"footnotes":""},"categories":[42366,53074],"tags":[],"class_list":["post-2305","post","type-post","status-publish","format-standard","hentry","category-lingue-moderne-com-cooperaz-internaz-1-anno","category-lingue-moderne-com-cooperaz-internaz-2-anno","category-42366-id","category-53074-id","post-seq-1","post-parity-odd","meta-position-corners","fix"],"_links":{"self":[{"href":"https:\/\/people.unica.it\/linguemoderneperlacomunicazioneelacooperazioneinternazionale\/wp-json\/wp\/v2\/posts\/2305","targetHints":{"allow":["GET"]}}],"collection":[{"href":"https:\/\/people.unica.it\/linguemoderneperlacomunicazioneelacooperazioneinternazionale\/wp-json\/wp\/v2\/posts"}],"about":[{"href":"https:\/\/people.unica.it\/linguemoderneperlacomunicazioneelacooperazioneinternazionale\/wp-json\/wp\/v2\/types\/post"}],"author":[{"embeddable":true,"href":"https:\/\/people.unica.it\/linguemoderneperlacomunicazioneelacooperazioneinternazionale\/wp-json\/wp\/v2\/users\/2071"}],"replies":[{"embeddable":true,"href":"https:\/\/people.unica.it\/linguemoderneperlacomunicazioneelacooperazioneinternazionale\/wp-json\/wp\/v2\/comments?post=2305"}],"version-history":[{"count":1,"href":"https:\/\/people.unica.it\/linguemoderneperlacomunicazioneelacooperazioneinternazionale\/wp-json\/wp\/v2\/posts\/2305\/revisions"}],"predecessor-version":[{"id":2306,"href":"https:\/\/people.unica.it\/linguemoderneperlacomunicazioneelacooperazioneinternazionale\/wp-json\/wp\/v2\/posts\/2305\/revisions\/2306"}],"wp:attachment":[{"href":"https:\/\/people.unica.it\/linguemoderneperlacomunicazioneelacooperazioneinternazionale\/wp-json\/wp\/v2\/media?parent=2305"}],"wp:term":[{"taxonomy":"category","embeddable":true,"href":"https:\/\/people.unica.it\/linguemoderneperlacomunicazioneelacooperazioneinternazionale\/wp-json\/wp\/v2\/categories?post=2305"},{"taxonomy":"post_tag","embeddable":true,"href":"https:\/\/people.unica.it\/linguemoderneperlacomunicazioneelacooperazioneinternazionale\/wp-json\/wp\/v2\/tags?post=2305"}],"curies":[{"name":"wp","href":"https:\/\/api.w.org\/{rel}","templated":true}]}}