{"id":1991,"date":"2014-09-05T11:08:44","date_gmt":"2014-09-05T11:08:44","guid":{"rendered":"http:\/\/people.unica.it\/linguemoderneperlacomunicazioneelacooperazioneinternazionale\/?p=1991"},"modified":"2014-09-06T15:53:11","modified_gmt":"2014-09-06T15:53:11","slug":"ammissione-corso-magistrale-lm38-lingue-moderne-per-la-comunicazione-e-la-cooperazione-martedi-9-settembre-2014-ore-9","status":"publish","type":"post","link":"https:\/\/people.unica.it\/linguemoderneperlacomunicazioneelacooperazioneinternazionale\/2014\/09\/05\/ammissione-corso-magistrale-lm38-lingue-moderne-per-la-comunicazione-e-la-cooperazione-martedi-9-settembre-2014-ore-9\/","title":{"rendered":"Ammissione corso magistrale LM38 Lingue moderne per la comunicazione e la cooperazione \u2013 marted\u00ec 9 settembre 2014, ore 9"},"content":{"rendered":"<p>In occasione della verifica della preparazione, prevista per marted\u00ec 09.09.2014, tutti i candidati all&#8217;iscrizione al corso magistrale LM38 (<em>eccetto gli esonerati dall&#8217;intera prova, vd. allegato<\/em>), sono invitati a presentarsi entro le ore 8.30 di marted\u00ec 9, nei locali dell&#8217;ex Biblioteca, via S. Giorgio 12 (ex clinica Aresu), edificio centrale piano terra (fianco presidenza).<\/p>\n<p>I candidati devono portare con s\u00e9 un documento di identit\u00e0 valido e la ricevuta di pagamento della tassa di iscrizione alla verifica.<\/p>\n<p>I candidati esonerati dal solo colloquio che debbano effettuare, come da allegato, la sola valutazione curriculare, sono tenuti ugualmente a presentarsi.<\/p>\n<p>L&#8217;assenza comporter\u00e0 l&#8217;esclusione e conseguente impossibilit\u00e0 di immatricolarsi.<\/p>\n<p><a href=\"http:\/\/people.unica.it\/linguemoderneperlacomunicazioneelacooperazioneinternazionale\/files\/2014\/09\/requisiti-curriculari-LM38-anonimi-per-sito.pdf\">Allegato &#8211; verifica requisiti curriculari LM-38<\/a><\/p>\n<p>N.B.: la verifica dei requisiti curriculari presentata nell&#8217;allegato \u00e8 provvisoria e sar\u00e0 approvata dal Consiglio di Classe luned\u00ec 08.09.2014. In sede di delibera potrebbero essere effettuate delle minime variazioni. Il prospetto definitivo sar\u00e0 reso disponibile marted\u00ec 9 al momento della verifica.<\/p>\n<p>I candidati che debbano sostenere in concomitanza l&#8217;esame di Lingua inglese, sono pregati di farlo presente alla Commissione prima dell&#8217;inizio delle operazioni.<\/p>","protected":false},"excerpt":{"rendered":"<p>In occasione della verifica della preparazione, prevista per marted&igrave; 09.09.2014, tutti i candidati all&rsquo;iscrizione al corso magistrale LM38 (eccetto gli esonerati dall&rsquo;intera prova, vd. allegato), sono invitati a presentarsi entro le ore 9.00 di marted&igrave; 9, nei locali dell&rsquo;ex Biblioteca, via S. Giorgio 12 (ex clinica Aresu), edificio centrale piano terra (fianco presidenza). &nbsp; I candidati devono portare con s&eacute; un documento di identit&agrave; valido e la ricevuta di pagamento della tassa di iscrizione alla verifica. I candidati esonerati dal solo colloquio, che debbano effettuare, come da allegato, la sola valutazione curriculare, sono tenuti ugualmente a presentarsi. L&rsquo;assenza comporter&agrave; l&rsquo;esclusione <a href=\"http:\/\/people.unica.it\/linguemoderneperlacomunicazioneelacooperazioneinternazionale\/2014\/09\/05\/ammissione-corso-magistrale-lm38-lingue-moderne-per-la-comunicazione-e-la-cooperazione-martedi-9-settembre-2014-ore-9\/\">[&#8230;]<\/a><\/p>\n","protected":false},"author":2071,"featured_media":0,"comment_status":"closed","ping_status":"closed","sticky":false,"template":"","format":"standard","meta":{"footnotes":""},"categories":[49725,42366,53074,56206],"tags":[],"class_list":["post-1991","post","type-post","status-publish","format-standard","hentry","category-facolta-di-studi-umanistici","category-lingue-moderne-com-cooperaz-internaz-1-anno","category-lingue-moderne-com-cooperaz-internaz-2-anno","category-studi-umanistici","category-49725-id","category-42366-id","category-53074-id","category-56206-id","post-seq-1","post-parity-odd","meta-position-corners","fix"],"_links":{"self":[{"href":"https:\/\/people.unica.it\/linguemoderneperlacomunicazioneelacooperazioneinternazionale\/wp-json\/wp\/v2\/posts\/1991","targetHints":{"allow":["GET"]}}],"collection":[{"href":"https:\/\/people.unica.it\/linguemoderneperlacomunicazioneelacooperazioneinternazionale\/wp-json\/wp\/v2\/posts"}],"about":[{"href":"https:\/\/people.unica.it\/linguemoderneperlacomunicazioneelacooperazioneinternazionale\/wp-json\/wp\/v2\/types\/post"}],"author":[{"embeddable":true,"href":"https:\/\/people.unica.it\/linguemoderneperlacomunicazioneelacooperazioneinternazionale\/wp-json\/wp\/v2\/users\/2071"}],"replies":[{"embeddable":true,"href":"https:\/\/people.unica.it\/linguemoderneperlacomunicazioneelacooperazioneinternazionale\/wp-json\/wp\/v2\/comments?post=1991"}],"version-history":[{"count":8,"href":"https:\/\/people.unica.it\/linguemoderneperlacomunicazioneelacooperazioneinternazionale\/wp-json\/wp\/v2\/posts\/1991\/revisions"}],"predecessor-version":[{"id":2001,"href":"https:\/\/people.unica.it\/linguemoderneperlacomunicazioneelacooperazioneinternazionale\/wp-json\/wp\/v2\/posts\/1991\/revisions\/2001"}],"wp:attachment":[{"href":"https:\/\/people.unica.it\/linguemoderneperlacomunicazioneelacooperazioneinternazionale\/wp-json\/wp\/v2\/media?parent=1991"}],"wp:term":[{"taxonomy":"category","embeddable":true,"href":"https:\/\/people.unica.it\/linguemoderneperlacomunicazioneelacooperazioneinternazionale\/wp-json\/wp\/v2\/categories?post=1991"},{"taxonomy":"post_tag","embeddable":true,"href":"https:\/\/people.unica.it\/linguemoderneperlacomunicazioneelacooperazioneinternazionale\/wp-json\/wp\/v2\/tags?post=1991"}],"curies":[{"name":"wp","href":"https:\/\/api.w.org\/{rel}","templated":true}]}}