{"id":4081,"date":"2018-10-10T14:47:32","date_gmt":"2018-10-10T14:47:32","guid":{"rendered":"http:\/\/people.unica.it\/lingueeletteraturemoderneeuropeeeamericane\/?p=4081"},"modified":"2018-10-10T14:47:32","modified_gmt":"2018-10-10T14:47:32","slug":"sospensione-attivita-per-allerta-meteo-10-e-11-ottobre","status":"publish","type":"post","link":"https:\/\/people.unica.it\/lingueeletteraturemoderneeuropeeeamericane\/2018\/10\/10\/sospensione-attivita-per-allerta-meteo-10-e-11-ottobre\/","title":{"rendered":"Sospensione attivit\u00e0 per allerta meteo 10 e 11 ottobre"},"content":{"rendered":"<p>Causa allerta meteo tutte le attivit\u00e0 della Facolt\u00e0 sono sospese nei giorni 10 e 11 ottobre.<\/p>\n<p>Le attivit\u00e0 riprenderanno regolarmente venerd\u00ec 12 ottobre alle ore 8.00.<\/p>\n<p>Avviso sito Ateneo: <a href=\"https:\/\/www.unica.it\/unica\/it\/news_notizie_s1.page?contentId=NTZ133634\">https:\/\/www.unica.it\/unica\/it\/news_notizie_s1.page?contentId=NTZ133634<\/a><\/p>","protected":false},"excerpt":{"rendered":"<p>Causa allerta meteo tutte le attivit\u00e0 della Facolt\u00e0 sono sospese nei giorni 10 e 11 ottobre. Le attivit\u00e0 riprenderanno regolarmente venerd\u00ec 12 ottobre alle ore 8.00. Avviso sito Ateneo: https:\/\/www.unica.it\/unica\/it\/news_notizie_s1.page?contentId=NTZ133634<\/p>\n","protected":false},"author":2071,"featured_media":0,"comment_status":"closed","ping_status":"closed","sticky":false,"template":"","format":"standard","meta":{"footnotes":""},"categories":[42663,53072],"tags":[],"class_list":["post-4081","post","type-post","status-publish","format-standard","hentry","category-lingue-e-letter-moderne-europee-americane-1-anno","category-lingue-e-letter-moderne-europee-americane-2-anno","category-42663-id","category-53072-id","post-seq-1","post-parity-odd","meta-position-corners","fix"],"_links":{"self":[{"href":"https:\/\/people.unica.it\/lingueeletteraturemoderneeuropeeeamericane\/wp-json\/wp\/v2\/posts\/4081","targetHints":{"allow":["GET"]}}],"collection":[{"href":"https:\/\/people.unica.it\/lingueeletteraturemoderneeuropeeeamericane\/wp-json\/wp\/v2\/posts"}],"about":[{"href":"https:\/\/people.unica.it\/lingueeletteraturemoderneeuropeeeamericane\/wp-json\/wp\/v2\/types\/post"}],"author":[{"embeddable":true,"href":"https:\/\/people.unica.it\/lingueeletteraturemoderneeuropeeeamericane\/wp-json\/wp\/v2\/users\/2071"}],"replies":[{"embeddable":true,"href":"https:\/\/people.unica.it\/lingueeletteraturemoderneeuropeeeamericane\/wp-json\/wp\/v2\/comments?post=4081"}],"version-history":[{"count":2,"href":"https:\/\/people.unica.it\/lingueeletteraturemoderneeuropeeeamericane\/wp-json\/wp\/v2\/posts\/4081\/revisions"}],"predecessor-version":[{"id":4085,"href":"https:\/\/people.unica.it\/lingueeletteraturemoderneeuropeeeamericane\/wp-json\/wp\/v2\/posts\/4081\/revisions\/4085"}],"wp:attachment":[{"href":"https:\/\/people.unica.it\/lingueeletteraturemoderneeuropeeeamericane\/wp-json\/wp\/v2\/media?parent=4081"}],"wp:term":[{"taxonomy":"category","embeddable":true,"href":"https:\/\/people.unica.it\/lingueeletteraturemoderneeuropeeeamericane\/wp-json\/wp\/v2\/categories?post=4081"},{"taxonomy":"post_tag","embeddable":true,"href":"https:\/\/people.unica.it\/lingueeletteraturemoderneeuropeeeamericane\/wp-json\/wp\/v2\/tags?post=4081"}],"curies":[{"name":"wp","href":"https:\/\/api.w.org\/{rel}","templated":true}]}}