{"id":7043,"date":"2022-06-24T08:34:55","date_gmt":"2022-06-24T08:34:55","guid":{"rendered":"https:\/\/people.unica.it\/lingueecomunicazione\/?p=7043"},"modified":"2022-06-24T08:34:55","modified_gmt":"2022-06-24T08:34:55","slug":"esami-prof-venturino-luglio","status":"publish","type":"post","link":"https:\/\/people.unica.it\/lingueecomunicazione\/2022\/06\/24\/esami-prof-venturino-luglio\/","title":{"rendered":"Esami prof. Venturino luglio"},"content":{"rendered":"<p>A causa di un ricovero che si \u00e8 prolungato, non ho potuto svolgere gli esami della sessione di giugno.<br \/>\nA partire da luglio, se il mio stato di salute migliorer\u00e0, potr\u00f2 garantire la sessione degli esami.<br \/>\nInoltrer\u00f2 al manager didattico tramite il coordinatore la data di luglio dalla quale sar\u00e0 possibile contattarmi via posta elettronica, dato che al momento non posso usare il computer in ospedale. Da quel momento sar\u00e0 possibile concordare con ognuno di voi data e fascia oraria per poter svolgere da remoto ogni vostro esame. Mi scuso per l&#8217;inconveniente.<\/p>\n<p>Fulvio Venturino<\/p>","protected":false},"excerpt":{"rendered":"<p>A causa di un ricovero che si \u00e8 prolungato, non ho potuto svolgere gli esami della sessione di giugno. A partire da luglio, se il mio stato di salute migliorer\u00e0, potr\u00f2 garantire la sessione degli esami. Inoltrer\u00f2 al manager didattico tramite il coordinatore la data di luglio dalla quale sar\u00e0 possibile contattarmi via posta elettronica, dato che al momento non posso usare il computer in ospedale. Da quel momento sar\u00e0 possibile concordare con ognuno di voi data e fascia oraria per poter svolgere da remoto ogni vostro esame. Mi scuso per l&#8217;inconveniente. Fulvio Venturino<\/p>\n","protected":false},"author":2071,"featured_media":0,"comment_status":"closed","ping_status":"closed","sticky":false,"template":"","format":"standard","meta":{"footnotes":""},"categories":[41766,41767,41768],"tags":[],"class_list":["post-7043","post","type-post","status-publish","format-standard","hentry","category-lingue-e-comunicazione-1-anno","category-lingue-e-comunicazione-2-anno","category-lingue-e-comunicazione-3-anno","category-41766-id","category-41767-id","category-41768-id","post-seq-1","post-parity-odd","meta-position-corners","fix"],"_links":{"self":[{"href":"https:\/\/people.unica.it\/lingueecomunicazione\/wp-json\/wp\/v2\/posts\/7043","targetHints":{"allow":["GET"]}}],"collection":[{"href":"https:\/\/people.unica.it\/lingueecomunicazione\/wp-json\/wp\/v2\/posts"}],"about":[{"href":"https:\/\/people.unica.it\/lingueecomunicazione\/wp-json\/wp\/v2\/types\/post"}],"author":[{"embeddable":true,"href":"https:\/\/people.unica.it\/lingueecomunicazione\/wp-json\/wp\/v2\/users\/2071"}],"replies":[{"embeddable":true,"href":"https:\/\/people.unica.it\/lingueecomunicazione\/wp-json\/wp\/v2\/comments?post=7043"}],"version-history":[{"count":1,"href":"https:\/\/people.unica.it\/lingueecomunicazione\/wp-json\/wp\/v2\/posts\/7043\/revisions"}],"predecessor-version":[{"id":7044,"href":"https:\/\/people.unica.it\/lingueecomunicazione\/wp-json\/wp\/v2\/posts\/7043\/revisions\/7044"}],"wp:attachment":[{"href":"https:\/\/people.unica.it\/lingueecomunicazione\/wp-json\/wp\/v2\/media?parent=7043"}],"wp:term":[{"taxonomy":"category","embeddable":true,"href":"https:\/\/people.unica.it\/lingueecomunicazione\/wp-json\/wp\/v2\/categories?post=7043"},{"taxonomy":"post_tag","embeddable":true,"href":"https:\/\/people.unica.it\/lingueecomunicazione\/wp-json\/wp\/v2\/tags?post=7043"}],"curies":[{"name":"wp","href":"https:\/\/api.w.org\/{rel}","templated":true}]}}