{"id":5476,"date":"2018-10-10T14:54:36","date_gmt":"2018-10-10T14:54:36","guid":{"rendered":"http:\/\/people.unica.it\/lingueecomunicazione\/?p=5476"},"modified":"2018-10-10T14:54:36","modified_gmt":"2018-10-10T14:54:36","slug":"inizio-lezioni-di-semiotica-generale","status":"publish","type":"post","link":"https:\/\/people.unica.it\/lingueecomunicazione\/2018\/10\/10\/inizio-lezioni-di-semiotica-generale\/","title":{"rendered":"Inizio lezioni di Semiotica generale"},"content":{"rendered":"<p>Si comunica che le lezioni di Semiotica generale inizieranno venerd\u00ec 12 ottobre, ore 14, in Auditorium A (Aula Wagner). Proseguiranno quindi secondo il seguente orario settimanale:<\/p>\n<ul>\n<li>luned\u00ec h. 18-20 aula da confermare<\/li>\n<li>venerd\u00ec h. 14-16 Auditorium A<\/li>\n<\/ul>\n<p>L&#8217;orario attualmente presente sulla pagina &#8216;orario lezioni&#8217; sar\u00e0 aggiornato non appena confermate le aule di assegnazione.<\/p>","protected":false},"excerpt":{"rendered":"<p>Si comunica che le lezioni di Semiotica generale inizieranno venerd\u00ec 12 ottobre, ore 14, in Auditorium A (Aula Wagner). Proseguiranno quindi secondo il seguente orario settimanale: luned\u00ec h. 18-20 aula da confermare venerd\u00ec h. 14-16 Auditorium A L&#8217;orario attualmente presente sulla pagina &#8216;orario lezioni&#8217; sar\u00e0 aggiornato non appena confermate le aule di assegnazione.<\/p>\n","protected":false},"author":2071,"featured_media":0,"comment_status":"closed","ping_status":"closed","sticky":false,"template":"","format":"standard","meta":{"footnotes":""},"categories":[41767,41768],"tags":[],"class_list":["post-5476","post","type-post","status-publish","format-standard","hentry","category-lingue-e-comunicazione-2-anno","category-lingue-e-comunicazione-3-anno","category-41767-id","category-41768-id","post-seq-1","post-parity-odd","meta-position-corners","fix"],"_links":{"self":[{"href":"https:\/\/people.unica.it\/lingueecomunicazione\/wp-json\/wp\/v2\/posts\/5476","targetHints":{"allow":["GET"]}}],"collection":[{"href":"https:\/\/people.unica.it\/lingueecomunicazione\/wp-json\/wp\/v2\/posts"}],"about":[{"href":"https:\/\/people.unica.it\/lingueecomunicazione\/wp-json\/wp\/v2\/types\/post"}],"author":[{"embeddable":true,"href":"https:\/\/people.unica.it\/lingueecomunicazione\/wp-json\/wp\/v2\/users\/2071"}],"replies":[{"embeddable":true,"href":"https:\/\/people.unica.it\/lingueecomunicazione\/wp-json\/wp\/v2\/comments?post=5476"}],"version-history":[{"count":2,"href":"https:\/\/people.unica.it\/lingueecomunicazione\/wp-json\/wp\/v2\/posts\/5476\/revisions"}],"predecessor-version":[{"id":5478,"href":"https:\/\/people.unica.it\/lingueecomunicazione\/wp-json\/wp\/v2\/posts\/5476\/revisions\/5478"}],"wp:attachment":[{"href":"https:\/\/people.unica.it\/lingueecomunicazione\/wp-json\/wp\/v2\/media?parent=5476"}],"wp:term":[{"taxonomy":"category","embeddable":true,"href":"https:\/\/people.unica.it\/lingueecomunicazione\/wp-json\/wp\/v2\/categories?post=5476"},{"taxonomy":"post_tag","embeddable":true,"href":"https:\/\/people.unica.it\/lingueecomunicazione\/wp-json\/wp\/v2\/tags?post=5476"}],"curies":[{"name":"wp","href":"https:\/\/api.w.org\/{rel}","templated":true}]}}