{"id":4266,"date":"2017-04-19T12:23:32","date_gmt":"2017-04-19T12:23:32","guid":{"rendered":"http:\/\/people.unica.it\/lingueecomunicazione\/?p=4266"},"modified":"2017-04-19T12:23:32","modified_gmt":"2017-04-19T12:23:32","slug":"storia-del-giornalismo-lezione-giovedi-20-aprile-annullata","status":"publish","type":"post","link":"https:\/\/people.unica.it\/lingueecomunicazione\/2017\/04\/19\/storia-del-giornalismo-lezione-giovedi-20-aprile-annullata\/","title":{"rendered":"Storia del giornalismo &#8211; lezione gioved\u00ec 20 aprile annullata"},"content":{"rendered":"<p>La lezione di Storia del giornalismo di domani gioved\u00ec 20 aprile non si terr\u00e0, per impegno del docente in commissione di laurea.<\/p>","protected":false},"excerpt":{"rendered":"<p>La lezione di Storia del giornalismo di domani gioved\u00ec 20 aprile non si terr\u00e0, per impegno del docente in commissione di laurea.<\/p>\n","protected":false},"author":2071,"featured_media":0,"comment_status":"closed","ping_status":"closed","sticky":false,"template":"","format":"standard","meta":{"footnotes":""},"categories":[41768],"tags":[],"class_list":["post-4266","post","type-post","status-publish","format-standard","hentry","category-lingue-e-comunicazione-3-anno","category-41768-id","post-seq-1","post-parity-odd","meta-position-corners","fix"],"_links":{"self":[{"href":"https:\/\/people.unica.it\/lingueecomunicazione\/wp-json\/wp\/v2\/posts\/4266","targetHints":{"allow":["GET"]}}],"collection":[{"href":"https:\/\/people.unica.it\/lingueecomunicazione\/wp-json\/wp\/v2\/posts"}],"about":[{"href":"https:\/\/people.unica.it\/lingueecomunicazione\/wp-json\/wp\/v2\/types\/post"}],"author":[{"embeddable":true,"href":"https:\/\/people.unica.it\/lingueecomunicazione\/wp-json\/wp\/v2\/users\/2071"}],"replies":[{"embeddable":true,"href":"https:\/\/people.unica.it\/lingueecomunicazione\/wp-json\/wp\/v2\/comments?post=4266"}],"version-history":[{"count":2,"href":"https:\/\/people.unica.it\/lingueecomunicazione\/wp-json\/wp\/v2\/posts\/4266\/revisions"}],"predecessor-version":[{"id":4270,"href":"https:\/\/people.unica.it\/lingueecomunicazione\/wp-json\/wp\/v2\/posts\/4266\/revisions\/4270"}],"wp:attachment":[{"href":"https:\/\/people.unica.it\/lingueecomunicazione\/wp-json\/wp\/v2\/media?parent=4266"}],"wp:term":[{"taxonomy":"category","embeddable":true,"href":"https:\/\/people.unica.it\/lingueecomunicazione\/wp-json\/wp\/v2\/categories?post=4266"},{"taxonomy":"post_tag","embeddable":true,"href":"https:\/\/people.unica.it\/lingueecomunicazione\/wp-json\/wp\/v2\/tags?post=4266"}],"curies":[{"name":"wp","href":"https:\/\/api.w.org\/{rel}","templated":true}]}}