{"id":4257,"date":"2017-04-10T11:21:04","date_gmt":"2017-04-10T11:21:04","guid":{"rendered":"http:\/\/people.unica.it\/lingueecomunicazione\/?p=4257"},"modified":"2017-04-10T11:21:04","modified_gmt":"2017-04-10T11:21:04","slug":"esercitazioni-spagnolo-dott-ssa-parra-nuovi-orari","status":"publish","type":"post","link":"https:\/\/people.unica.it\/lingueecomunicazione\/2017\/04\/10\/esercitazioni-spagnolo-dott-ssa-parra-nuovi-orari\/","title":{"rendered":"Esercitazioni spagnolo dott.ssa Parra &#8211; nuovi orari"},"content":{"rendered":"<p>Nuovi orari della dott.ssa Rosa Parra per le esercitazioni di lingua spagnola (Lingue e comunicazione).<\/p>\n<p><em>Laboratorio II anno<\/em><\/p>\n<ul>\n<li>marted\u00ec h. 10-12 Lab C<\/li>\n<li>mercoled\u00ec h. 14-16 Aula 3<\/li>\n<\/ul>\n<p><em>Esercitazioni Lingua spagnola III anno<\/em><\/p>\n<ul>\n<li>luned\u00ec h. 12-14 Lab 1<\/li>\n<li>marted\u00ec 8-10 Lab A<\/li>\n<\/ul>\n","protected":false},"excerpt":{"rendered":"<p>Nuovi orari della dott.ssa Rosa Parra per le esercitazioni di lingua spagnola (Lingue e comunicazione). Laboratorio II anno marted\u00ec h. 10-12 Lab C mercoled\u00ec h. 14-16 Aula 3 Esercitazioni Lingua spagnola III anno luned\u00ec h. 12-14 Lab 1 marted\u00ec 8-10 Lab A<\/p>\n","protected":false},"author":2071,"featured_media":0,"comment_status":"closed","ping_status":"closed","sticky":false,"template":"","format":"standard","meta":{"footnotes":""},"categories":[41767,41768],"tags":[],"class_list":["post-4257","post","type-post","status-publish","format-standard","hentry","category-lingue-e-comunicazione-2-anno","category-lingue-e-comunicazione-3-anno","category-41767-id","category-41768-id","post-seq-1","post-parity-odd","meta-position-corners","fix"],"_links":{"self":[{"href":"https:\/\/people.unica.it\/lingueecomunicazione\/wp-json\/wp\/v2\/posts\/4257","targetHints":{"allow":["GET"]}}],"collection":[{"href":"https:\/\/people.unica.it\/lingueecomunicazione\/wp-json\/wp\/v2\/posts"}],"about":[{"href":"https:\/\/people.unica.it\/lingueecomunicazione\/wp-json\/wp\/v2\/types\/post"}],"author":[{"embeddable":true,"href":"https:\/\/people.unica.it\/lingueecomunicazione\/wp-json\/wp\/v2\/users\/2071"}],"replies":[{"embeddable":true,"href":"https:\/\/people.unica.it\/lingueecomunicazione\/wp-json\/wp\/v2\/comments?post=4257"}],"version-history":[{"count":2,"href":"https:\/\/people.unica.it\/lingueecomunicazione\/wp-json\/wp\/v2\/posts\/4257\/revisions"}],"predecessor-version":[{"id":4259,"href":"https:\/\/people.unica.it\/lingueecomunicazione\/wp-json\/wp\/v2\/posts\/4257\/revisions\/4259"}],"wp:attachment":[{"href":"https:\/\/people.unica.it\/lingueecomunicazione\/wp-json\/wp\/v2\/media?parent=4257"}],"wp:term":[{"taxonomy":"category","embeddable":true,"href":"https:\/\/people.unica.it\/lingueecomunicazione\/wp-json\/wp\/v2\/categories?post=4257"},{"taxonomy":"post_tag","embeddable":true,"href":"https:\/\/people.unica.it\/lingueecomunicazione\/wp-json\/wp\/v2\/tags?post=4257"}],"curies":[{"name":"wp","href":"https:\/\/api.w.org\/{rel}","templated":true}]}}