{"id":4131,"date":"2017-01-31T12:41:51","date_gmt":"2017-01-31T12:41:51","guid":{"rendered":"http:\/\/people.unica.it\/lingueecomunicazione\/?p=4131"},"modified":"2017-01-31T12:41:51","modified_gmt":"2017-01-31T12:41:51","slug":"corso-intensivo-di-preparazione-per-lettorato-di-spagnolo-1-magistrale","status":"publish","type":"post","link":"https:\/\/people.unica.it\/lingueecomunicazione\/2017\/01\/31\/corso-intensivo-di-preparazione-per-lettorato-di-spagnolo-1-magistrale\/","title":{"rendered":"Corso intensivo di preparazione per Lettorato di Spagnolo 1 magistrale"},"content":{"rendered":"<p>Si comunica che a partire da domani 1\u00b0 febbraio partir\u00e0 un corso intensivo di Spagnolo, rivolto agli studenti del terzo anno e f.c. che hanno effettuato la preiscrizione alla magistrale o comunque intendono iscriversi alla magistrale provenendo da Lingue e comunicazione.<\/p>\n<p>Questo l&#8217;orario settimanale:<\/p>\n<p>luned\u00ec 12-14<\/p>\n<p>marted\u00ec 10-12<\/p>\n<p>mercoled\u00ec 14-16<\/p>\n<p>venerd\u00ec 10-12<\/p>\n<p>Le attivit\u00e0 si terranno nel Laboratorio 2 con la dott.ssa Rosa Parra.<\/p>","protected":false},"excerpt":{"rendered":"<p>Si comunica che a partire da domani 1\u00b0 febbraio partir\u00e0 un corso intensivo di Spagnolo, rivolto agli studenti del terzo anno e f.c. che hanno effettuato la preiscrizione alla magistrale o comunque intendono iscriversi alla magistrale provenendo da Lingue e comunicazione. Questo l&#8217;orario settimanale: luned\u00ec 12-14 marted\u00ec 10-12 mercoled\u00ec 14-16 venerd\u00ec 10-12 Le attivit\u00e0 si terranno nel Laboratorio 2 con la dott.ssa Rosa Parra.<\/p>\n","protected":false},"author":2071,"featured_media":0,"comment_status":"closed","ping_status":"closed","sticky":false,"template":"","format":"standard","meta":{"footnotes":""},"categories":[41768],"tags":[],"class_list":["post-4131","post","type-post","status-publish","format-standard","hentry","category-lingue-e-comunicazione-3-anno","category-41768-id","post-seq-1","post-parity-odd","meta-position-corners","fix"],"_links":{"self":[{"href":"https:\/\/people.unica.it\/lingueecomunicazione\/wp-json\/wp\/v2\/posts\/4131","targetHints":{"allow":["GET"]}}],"collection":[{"href":"https:\/\/people.unica.it\/lingueecomunicazione\/wp-json\/wp\/v2\/posts"}],"about":[{"href":"https:\/\/people.unica.it\/lingueecomunicazione\/wp-json\/wp\/v2\/types\/post"}],"author":[{"embeddable":true,"href":"https:\/\/people.unica.it\/lingueecomunicazione\/wp-json\/wp\/v2\/users\/2071"}],"replies":[{"embeddable":true,"href":"https:\/\/people.unica.it\/lingueecomunicazione\/wp-json\/wp\/v2\/comments?post=4131"}],"version-history":[{"count":2,"href":"https:\/\/people.unica.it\/lingueecomunicazione\/wp-json\/wp\/v2\/posts\/4131\/revisions"}],"predecessor-version":[{"id":4133,"href":"https:\/\/people.unica.it\/lingueecomunicazione\/wp-json\/wp\/v2\/posts\/4131\/revisions\/4133"}],"wp:attachment":[{"href":"https:\/\/people.unica.it\/lingueecomunicazione\/wp-json\/wp\/v2\/media?parent=4131"}],"wp:term":[{"taxonomy":"category","embeddable":true,"href":"https:\/\/people.unica.it\/lingueecomunicazione\/wp-json\/wp\/v2\/categories?post=4131"},{"taxonomy":"post_tag","embeddable":true,"href":"https:\/\/people.unica.it\/lingueecomunicazione\/wp-json\/wp\/v2\/tags?post=4131"}],"curies":[{"name":"wp","href":"https:\/\/api.w.org\/{rel}","templated":true}]}}