{"id":3854,"date":"2016-11-17T17:38:12","date_gmt":"2016-11-17T17:38:12","guid":{"rendered":"http:\/\/people.unica.it\/lingueecomunicazione\/?p=3854"},"modified":"2016-11-25T16:13:48","modified_gmt":"2016-11-25T16:13:48","slug":"sospensione-servizio-orientamento-e-prossima-riorganizzazione","status":"publish","type":"post","link":"https:\/\/people.unica.it\/lingueecomunicazione\/2016\/11\/17\/sospensione-servizio-orientamento-e-prossima-riorganizzazione\/","title":{"rendered":"Sospensione servizio orientamento e prossima riorganizzazione"},"content":{"rendered":"<p>L&#8217;ufficio orientamento rester\u00e0 chiuso a partire da domani venerd\u00ec 18 novembre. Riaprir\u00e0 luned\u00ec 28 novembre con un nuovo orario settimanale e nuovi tutor didattici.<br \/>\nSempre da venerd\u00ec 18 a luned\u00ec 28, il coordinatore didattico dott. Dettori ricever\u00e0 solo gli studenti che hanno gi\u00e0 richiesto l&#8217;appuntamento.<\/p>\n<div class=\"text_exposed_show\">\n<p>A partire da luned\u00ec 28 novembre, il servizio di orientamento subir\u00e0 una riorganizzazione. Tutti gli studenti riceveranno una comunicazione in merito, all&#8217;indirizzo di posta dichiarato su ESSE3.<\/p>\n<\/div>\n","protected":false},"excerpt":{"rendered":"<p>L&#8217;ufficio orientamento rester\u00e0 chiuso a partire da domani venerd\u00ec 18 novembre. Riaprir\u00e0 luned\u00ec 28 novembre con un nuovo orario settimanale e nuovi tutor didattici. Sempre da venerd\u00ec 18 a luned\u00ec 28, il coordinatore didattico dott. Dettori ricever\u00e0 solo gli studenti che hanno gi\u00e0 richiesto l&#8217;appuntamento. A partire da luned\u00ec 28 novembre, il servizio di orientamento subir\u00e0 una riorganizzazione. Tutti gli studenti riceveranno una comunicazione in merito, all&#8217;indirizzo di posta dichiarato su ESSE3.<\/p>\n","protected":false},"author":2071,"featured_media":0,"comment_status":"closed","ping_status":"closed","sticky":false,"template":"","format":"standard","meta":{"footnotes":""},"categories":[41766,41767,41768],"tags":[],"class_list":["post-3854","post","type-post","status-publish","format-standard","hentry","category-lingue-e-comunicazione-1-anno","category-lingue-e-comunicazione-2-anno","category-lingue-e-comunicazione-3-anno","category-41766-id","category-41767-id","category-41768-id","post-seq-1","post-parity-odd","meta-position-corners","fix"],"_links":{"self":[{"href":"https:\/\/people.unica.it\/lingueecomunicazione\/wp-json\/wp\/v2\/posts\/3854","targetHints":{"allow":["GET"]}}],"collection":[{"href":"https:\/\/people.unica.it\/lingueecomunicazione\/wp-json\/wp\/v2\/posts"}],"about":[{"href":"https:\/\/people.unica.it\/lingueecomunicazione\/wp-json\/wp\/v2\/types\/post"}],"author":[{"embeddable":true,"href":"https:\/\/people.unica.it\/lingueecomunicazione\/wp-json\/wp\/v2\/users\/2071"}],"replies":[{"embeddable":true,"href":"https:\/\/people.unica.it\/lingueecomunicazione\/wp-json\/wp\/v2\/comments?post=3854"}],"version-history":[{"count":3,"href":"https:\/\/people.unica.it\/lingueecomunicazione\/wp-json\/wp\/v2\/posts\/3854\/revisions"}],"predecessor-version":[{"id":3881,"href":"https:\/\/people.unica.it\/lingueecomunicazione\/wp-json\/wp\/v2\/posts\/3854\/revisions\/3881"}],"wp:attachment":[{"href":"https:\/\/people.unica.it\/lingueecomunicazione\/wp-json\/wp\/v2\/media?parent=3854"}],"wp:term":[{"taxonomy":"category","embeddable":true,"href":"https:\/\/people.unica.it\/lingueecomunicazione\/wp-json\/wp\/v2\/categories?post=3854"},{"taxonomy":"post_tag","embeddable":true,"href":"https:\/\/people.unica.it\/lingueecomunicazione\/wp-json\/wp\/v2\/tags?post=3854"}],"curies":[{"name":"wp","href":"https:\/\/api.w.org\/{rel}","templated":true}]}}