{"id":3635,"date":"2016-07-05T09:46:16","date_gmt":"2016-07-05T09:46:16","guid":{"rendered":"http:\/\/people.unica.it\/lingueecomunicazione\/?p=3635"},"modified":"2016-07-05T09:46:16","modified_gmt":"2016-07-05T09:46:16","slug":"tutorato-lingua-inglese-dott-ssa-grebenkina","status":"publish","type":"post","link":"https:\/\/people.unica.it\/lingueecomunicazione\/2016\/07\/05\/tutorato-lingua-inglese-dott-ssa-grebenkina\/","title":{"rendered":"Tutorato Lingua inglese dott.ssa Grebenkina"},"content":{"rendered":"<div class=\"entry fix\">\n<p class=\"first-para\">Si comunica che la dott.ssa Grebenkina non terr\u00e0 tutorato il 14 luglio.<\/p>\n<p>Marted\u00ec 19 luglio si terr\u00e0 invece l\u2019ultima lezione di tutorato.<\/p>\n<\/div>\n","protected":false},"excerpt":{"rendered":"<p>Si comunica che la dott.ssa Grebenkina non terr\u00e0 tutorato il 14 luglio. Marted\u00ec 19 luglio si terr\u00e0 invece l\u2019ultima lezione di tutorato.<\/p>\n","protected":false},"author":2071,"featured_media":0,"comment_status":"closed","ping_status":"closed","sticky":false,"template":"","format":"standard","meta":{"footnotes":""},"categories":[41766,41767,41768],"tags":[],"class_list":["post-3635","post","type-post","status-publish","format-standard","hentry","category-lingue-e-comunicazione-1-anno","category-lingue-e-comunicazione-2-anno","category-lingue-e-comunicazione-3-anno","category-41766-id","category-41767-id","category-41768-id","post-seq-1","post-parity-odd","meta-position-corners","fix"],"_links":{"self":[{"href":"https:\/\/people.unica.it\/lingueecomunicazione\/wp-json\/wp\/v2\/posts\/3635","targetHints":{"allow":["GET"]}}],"collection":[{"href":"https:\/\/people.unica.it\/lingueecomunicazione\/wp-json\/wp\/v2\/posts"}],"about":[{"href":"https:\/\/people.unica.it\/lingueecomunicazione\/wp-json\/wp\/v2\/types\/post"}],"author":[{"embeddable":true,"href":"https:\/\/people.unica.it\/lingueecomunicazione\/wp-json\/wp\/v2\/users\/2071"}],"replies":[{"embeddable":true,"href":"https:\/\/people.unica.it\/lingueecomunicazione\/wp-json\/wp\/v2\/comments?post=3635"}],"version-history":[{"count":2,"href":"https:\/\/people.unica.it\/lingueecomunicazione\/wp-json\/wp\/v2\/posts\/3635\/revisions"}],"predecessor-version":[{"id":3637,"href":"https:\/\/people.unica.it\/lingueecomunicazione\/wp-json\/wp\/v2\/posts\/3635\/revisions\/3637"}],"wp:attachment":[{"href":"https:\/\/people.unica.it\/lingueecomunicazione\/wp-json\/wp\/v2\/media?parent=3635"}],"wp:term":[{"taxonomy":"category","embeddable":true,"href":"https:\/\/people.unica.it\/lingueecomunicazione\/wp-json\/wp\/v2\/categories?post=3635"},{"taxonomy":"post_tag","embeddable":true,"href":"https:\/\/people.unica.it\/lingueecomunicazione\/wp-json\/wp\/v2\/tags?post=3635"}],"curies":[{"name":"wp","href":"https:\/\/api.w.org\/{rel}","templated":true}]}}