{"id":3572,"date":"2016-06-06T10:10:36","date_gmt":"2016-06-06T10:10:36","guid":{"rendered":"http:\/\/people.unica.it\/lingueecomunicazione\/?p=3572"},"modified":"2016-06-06T10:10:36","modified_gmt":"2016-06-06T10:10:36","slug":"tutorato-inglese-2-ripresa-attivita-7-giugno","status":"publish","type":"post","link":"https:\/\/people.unica.it\/lingueecomunicazione\/2016\/06\/06\/tutorato-inglese-2-ripresa-attivita-7-giugno\/","title":{"rendered":"Tutorato Inglese 2 &#8211; ripresa attivit\u00e0 7 giugno"},"content":{"rendered":"<p>Il dott. Aramu riprender\u00e0 il tutorato di Inglese 2 per il Cdl in Lingue e comunicazione domani, marted\u00ec 7 giugno. Si far\u00e0 la correzione dell&#8217;esame del 25 maggio.<\/p>","protected":false},"excerpt":{"rendered":"<p>Il dott. Aramu riprender\u00e0 il tutorato di Inglese 2 per il Cdl in Lingue e comunicazione domani, marted\u00ec 7 giugno. Si far\u00e0 la correzione dell&#8217;esame del 25 maggio.<\/p>\n","protected":false},"author":2071,"featured_media":0,"comment_status":"closed","ping_status":"closed","sticky":false,"template":"","format":"standard","meta":{"footnotes":""},"categories":[41767],"tags":[],"class_list":["post-3572","post","type-post","status-publish","format-standard","hentry","category-lingue-e-comunicazione-2-anno","category-41767-id","post-seq-1","post-parity-odd","meta-position-corners","fix"],"_links":{"self":[{"href":"https:\/\/people.unica.it\/lingueecomunicazione\/wp-json\/wp\/v2\/posts\/3572","targetHints":{"allow":["GET"]}}],"collection":[{"href":"https:\/\/people.unica.it\/lingueecomunicazione\/wp-json\/wp\/v2\/posts"}],"about":[{"href":"https:\/\/people.unica.it\/lingueecomunicazione\/wp-json\/wp\/v2\/types\/post"}],"author":[{"embeddable":true,"href":"https:\/\/people.unica.it\/lingueecomunicazione\/wp-json\/wp\/v2\/users\/2071"}],"replies":[{"embeddable":true,"href":"https:\/\/people.unica.it\/lingueecomunicazione\/wp-json\/wp\/v2\/comments?post=3572"}],"version-history":[{"count":2,"href":"https:\/\/people.unica.it\/lingueecomunicazione\/wp-json\/wp\/v2\/posts\/3572\/revisions"}],"predecessor-version":[{"id":3574,"href":"https:\/\/people.unica.it\/lingueecomunicazione\/wp-json\/wp\/v2\/posts\/3572\/revisions\/3574"}],"wp:attachment":[{"href":"https:\/\/people.unica.it\/lingueecomunicazione\/wp-json\/wp\/v2\/media?parent=3572"}],"wp:term":[{"taxonomy":"category","embeddable":true,"href":"https:\/\/people.unica.it\/lingueecomunicazione\/wp-json\/wp\/v2\/categories?post=3572"},{"taxonomy":"post_tag","embeddable":true,"href":"https:\/\/people.unica.it\/lingueecomunicazione\/wp-json\/wp\/v2\/tags?post=3572"}],"curies":[{"name":"wp","href":"https:\/\/api.w.org\/{rel}","templated":true}]}}