{"id":3537,"date":"2016-05-23T13:14:43","date_gmt":"2016-05-23T13:14:43","guid":{"rendered":"http:\/\/people.unica.it\/lingueecomunicazione\/?p=3537"},"modified":"2016-05-23T13:14:43","modified_gmt":"2016-05-23T13:14:43","slug":"storia-e-critica-della-musica-lezione-incontro-lunedi-30-maggio","status":"publish","type":"post","link":"https:\/\/people.unica.it\/lingueecomunicazione\/2016\/05\/23\/storia-e-critica-della-musica-lezione-incontro-lunedi-30-maggio\/","title":{"rendered":"Storia e critica della musica &#8211; lezione-incontro luned\u00ec 30 maggio"},"content":{"rendered":"<p>Si comunica che la prof.ssa M. Quaquero terr\u00e0 un&#8217;ultima lezione <strong>luned\u00ec 30 maggio ore 12-14 in aula 2<\/strong>, che servir\u00e0 agli studenti interessati per chiarimenti sul programma d&#8217;esame.<\/p>","protected":false},"excerpt":{"rendered":"<p>Si comunica che la prof.ssa M. Quaquero terr\u00e0 un&#8217;ultima lezione luned\u00ec 30 maggio ore 12-14 in aula 2, che servir\u00e0 agli studenti interessati per chiarimenti sul programma d&#8217;esame.<\/p>\n","protected":false},"author":2071,"featured_media":0,"comment_status":"closed","ping_status":"closed","sticky":false,"template":"","format":"standard","meta":{"footnotes":""},"categories":[41767,41768],"tags":[],"class_list":["post-3537","post","type-post","status-publish","format-standard","hentry","category-lingue-e-comunicazione-2-anno","category-lingue-e-comunicazione-3-anno","category-41767-id","category-41768-id","post-seq-1","post-parity-odd","meta-position-corners","fix"],"_links":{"self":[{"href":"https:\/\/people.unica.it\/lingueecomunicazione\/wp-json\/wp\/v2\/posts\/3537","targetHints":{"allow":["GET"]}}],"collection":[{"href":"https:\/\/people.unica.it\/lingueecomunicazione\/wp-json\/wp\/v2\/posts"}],"about":[{"href":"https:\/\/people.unica.it\/lingueecomunicazione\/wp-json\/wp\/v2\/types\/post"}],"author":[{"embeddable":true,"href":"https:\/\/people.unica.it\/lingueecomunicazione\/wp-json\/wp\/v2\/users\/2071"}],"replies":[{"embeddable":true,"href":"https:\/\/people.unica.it\/lingueecomunicazione\/wp-json\/wp\/v2\/comments?post=3537"}],"version-history":[{"count":2,"href":"https:\/\/people.unica.it\/lingueecomunicazione\/wp-json\/wp\/v2\/posts\/3537\/revisions"}],"predecessor-version":[{"id":3539,"href":"https:\/\/people.unica.it\/lingueecomunicazione\/wp-json\/wp\/v2\/posts\/3537\/revisions\/3539"}],"wp:attachment":[{"href":"https:\/\/people.unica.it\/lingueecomunicazione\/wp-json\/wp\/v2\/media?parent=3537"}],"wp:term":[{"taxonomy":"category","embeddable":true,"href":"https:\/\/people.unica.it\/lingueecomunicazione\/wp-json\/wp\/v2\/categories?post=3537"},{"taxonomy":"post_tag","embeddable":true,"href":"https:\/\/people.unica.it\/lingueecomunicazione\/wp-json\/wp\/v2\/tags?post=3537"}],"curies":[{"name":"wp","href":"https:\/\/api.w.org\/{rel}","templated":true}]}}