{"id":3514,"date":"2016-05-16T09:08:09","date_gmt":"2016-05-16T09:08:09","guid":{"rendered":"http:\/\/people.unica.it\/lingueecomunicazione\/?p=3514"},"modified":"2016-05-16T09:08:09","modified_gmt":"2016-05-16T09:08:09","slug":"sociolinguistica-prof-ssa-marra-lezione-di-mercoledi-18-regolarmente-in-aula-magna","status":"publish","type":"post","link":"https:\/\/people.unica.it\/lingueecomunicazione\/2016\/05\/16\/sociolinguistica-prof-ssa-marra-lezione-di-mercoledi-18-regolarmente-in-aula-magna\/","title":{"rendered":"Sociolinguistica (prof.ssa Marra): lezione di mercoled\u00ec 18 regolarmente in Aula Magna"},"content":{"rendered":"<p>Si comunica che, a differenza di quanto precedentemente comunicato, la lezione di <strong>Sociolinguistica<\/strong> di mercoled\u00ec 18 maggio <strong>si terr\u00e0 regolarmente in Aula Magna<\/strong> e non pi\u00f9 in Aula 3.<\/p>","protected":false},"excerpt":{"rendered":"<p>Si comunica che, a differenza di quanto precedentemente comunicato, la lezione di Sociolinguistica di mercoled\u00ec 18 maggio si terr\u00e0 regolarmente in Aula Magna e non pi\u00f9 in Aula 3.<\/p>\n","protected":false},"author":2071,"featured_media":0,"comment_status":"closed","ping_status":"closed","sticky":false,"template":"","format":"standard","meta":{"footnotes":""},"categories":[41767],"tags":[],"class_list":["post-3514","post","type-post","status-publish","format-standard","hentry","category-lingue-e-comunicazione-2-anno","category-41767-id","post-seq-1","post-parity-odd","meta-position-corners","fix"],"_links":{"self":[{"href":"https:\/\/people.unica.it\/lingueecomunicazione\/wp-json\/wp\/v2\/posts\/3514","targetHints":{"allow":["GET"]}}],"collection":[{"href":"https:\/\/people.unica.it\/lingueecomunicazione\/wp-json\/wp\/v2\/posts"}],"about":[{"href":"https:\/\/people.unica.it\/lingueecomunicazione\/wp-json\/wp\/v2\/types\/post"}],"author":[{"embeddable":true,"href":"https:\/\/people.unica.it\/lingueecomunicazione\/wp-json\/wp\/v2\/users\/2071"}],"replies":[{"embeddable":true,"href":"https:\/\/people.unica.it\/lingueecomunicazione\/wp-json\/wp\/v2\/comments?post=3514"}],"version-history":[{"count":2,"href":"https:\/\/people.unica.it\/lingueecomunicazione\/wp-json\/wp\/v2\/posts\/3514\/revisions"}],"predecessor-version":[{"id":3518,"href":"https:\/\/people.unica.it\/lingueecomunicazione\/wp-json\/wp\/v2\/posts\/3514\/revisions\/3518"}],"wp:attachment":[{"href":"https:\/\/people.unica.it\/lingueecomunicazione\/wp-json\/wp\/v2\/media?parent=3514"}],"wp:term":[{"taxonomy":"category","embeddable":true,"href":"https:\/\/people.unica.it\/lingueecomunicazione\/wp-json\/wp\/v2\/categories?post=3514"},{"taxonomy":"post_tag","embeddable":true,"href":"https:\/\/people.unica.it\/lingueecomunicazione\/wp-json\/wp\/v2\/tags?post=3514"}],"curies":[{"name":"wp","href":"https:\/\/api.w.org\/{rel}","templated":true}]}}