{"id":3483,"date":"2016-05-05T10:43:28","date_gmt":"2016-05-05T10:43:28","guid":{"rendered":"http:\/\/people.unica.it\/lingueecomunicazione\/?p=3483"},"modified":"2016-05-05T10:43:28","modified_gmt":"2016-05-05T10:43:28","slug":"tutorato-linguistica-italiana-data-test-di-recupero-e-nuovi-orari","status":"publish","type":"post","link":"https:\/\/people.unica.it\/lingueecomunicazione\/2016\/05\/05\/tutorato-linguistica-italiana-data-test-di-recupero-e-nuovi-orari\/","title":{"rendered":"Tutorato linguistica italiana &#8211; data test di recupero e nuovi orari"},"content":{"rendered":"<p>Si comunica che luned\u00ec 9 maggio, h. 12-14 in Aula Magna si svolger\u00e0 una prova destinata solo a chi deve recuperare il test.<\/p>\n<p>A partire da marted\u00ec 10 maggio e per tutto il mese, gli orari del tutorato saranno i seguenti:<\/p>\n<ul>\n<li>marted\u00ec h. 16-18 aula 9;<\/li>\n<li>mercoled\u00ec h. 12-14 aula magna;<\/li>\n<li>gioved\u00ec h. 12-14 aula 2.<\/li>\n<\/ul>\n<p>&nbsp;<\/p>","protected":false},"excerpt":{"rendered":"<p>Si comunica che luned\u00ec 9 maggio, h. 12-14 in Aula Magna si svolger\u00e0 una prova destinata solo a chi deve recuperare il test. A partire da marted\u00ec 10 maggio e per tutto il mese, gli orari del tutorato saranno i seguenti: marted\u00ec h. 16-18 aula 9; mercoled\u00ec h. 12-14 aula magna; gioved\u00ec h. 12-14 aula 2. &nbsp;<\/p>\n","protected":false},"author":2071,"featured_media":0,"comment_status":"closed","ping_status":"closed","sticky":false,"template":"","format":"standard","meta":{"footnotes":""},"categories":[41766],"tags":[],"class_list":["post-3483","post","type-post","status-publish","format-standard","hentry","category-lingue-e-comunicazione-1-anno","category-41766-id","post-seq-1","post-parity-odd","meta-position-corners","fix"],"_links":{"self":[{"href":"https:\/\/people.unica.it\/lingueecomunicazione\/wp-json\/wp\/v2\/posts\/3483","targetHints":{"allow":["GET"]}}],"collection":[{"href":"https:\/\/people.unica.it\/lingueecomunicazione\/wp-json\/wp\/v2\/posts"}],"about":[{"href":"https:\/\/people.unica.it\/lingueecomunicazione\/wp-json\/wp\/v2\/types\/post"}],"author":[{"embeddable":true,"href":"https:\/\/people.unica.it\/lingueecomunicazione\/wp-json\/wp\/v2\/users\/2071"}],"replies":[{"embeddable":true,"href":"https:\/\/people.unica.it\/lingueecomunicazione\/wp-json\/wp\/v2\/comments?post=3483"}],"version-history":[{"count":2,"href":"https:\/\/people.unica.it\/lingueecomunicazione\/wp-json\/wp\/v2\/posts\/3483\/revisions"}],"predecessor-version":[{"id":3485,"href":"https:\/\/people.unica.it\/lingueecomunicazione\/wp-json\/wp\/v2\/posts\/3483\/revisions\/3485"}],"wp:attachment":[{"href":"https:\/\/people.unica.it\/lingueecomunicazione\/wp-json\/wp\/v2\/media?parent=3483"}],"wp:term":[{"taxonomy":"category","embeddable":true,"href":"https:\/\/people.unica.it\/lingueecomunicazione\/wp-json\/wp\/v2\/categories?post=3483"},{"taxonomy":"post_tag","embeddable":true,"href":"https:\/\/people.unica.it\/lingueecomunicazione\/wp-json\/wp\/v2\/tags?post=3483"}],"curies":[{"name":"wp","href":"https:\/\/api.w.org\/{rel}","templated":true}]}}