{"id":3376,"date":"2016-04-13T14:46:39","date_gmt":"2016-04-13T14:46:39","guid":{"rendered":"http:\/\/people.unica.it\/lingueecomunicazione\/?p=3376"},"modified":"2016-04-13T14:46:39","modified_gmt":"2016-04-13T14:46:39","slug":"tutorato-linguistica-italiana","status":"publish","type":"post","link":"https:\/\/people.unica.it\/lingueecomunicazione\/2016\/04\/13\/tutorato-linguistica-italiana\/","title":{"rendered":"Tutorato Linguistica italiana"},"content":{"rendered":"<p>Si comunica che marted\u00ec 19 aprile, h. 16-18 in AULA 9, inizier\u00e0 il tutorato di Linguistica italiana, tenuto dalla dott.ssa G. Piras.<\/p>\n<p>L&#8217;orario degli incontri successivi verr\u00e0 comunicato non appena possibile.<\/p>","protected":false},"excerpt":{"rendered":"<p>Si comunica che marted\u00ec 19 aprile, h. 16-18 in AULA 9, inizier\u00e0 il tutorato di Linguistica italiana, tenuto dalla dott.ssa G. Piras. L&#8217;orario degli incontri successivi verr\u00e0 comunicato non appena possibile.<\/p>\n","protected":false},"author":2071,"featured_media":0,"comment_status":"closed","ping_status":"closed","sticky":false,"template":"","format":"standard","meta":{"footnotes":""},"categories":[41766],"tags":[],"class_list":["post-3376","post","type-post","status-publish","format-standard","hentry","category-lingue-e-comunicazione-1-anno","category-41766-id","post-seq-1","post-parity-odd","meta-position-corners","fix"],"_links":{"self":[{"href":"https:\/\/people.unica.it\/lingueecomunicazione\/wp-json\/wp\/v2\/posts\/3376","targetHints":{"allow":["GET"]}}],"collection":[{"href":"https:\/\/people.unica.it\/lingueecomunicazione\/wp-json\/wp\/v2\/posts"}],"about":[{"href":"https:\/\/people.unica.it\/lingueecomunicazione\/wp-json\/wp\/v2\/types\/post"}],"author":[{"embeddable":true,"href":"https:\/\/people.unica.it\/lingueecomunicazione\/wp-json\/wp\/v2\/users\/2071"}],"replies":[{"embeddable":true,"href":"https:\/\/people.unica.it\/lingueecomunicazione\/wp-json\/wp\/v2\/comments?post=3376"}],"version-history":[{"count":2,"href":"https:\/\/people.unica.it\/lingueecomunicazione\/wp-json\/wp\/v2\/posts\/3376\/revisions"}],"predecessor-version":[{"id":3378,"href":"https:\/\/people.unica.it\/lingueecomunicazione\/wp-json\/wp\/v2\/posts\/3376\/revisions\/3378"}],"wp:attachment":[{"href":"https:\/\/people.unica.it\/lingueecomunicazione\/wp-json\/wp\/v2\/media?parent=3376"}],"wp:term":[{"taxonomy":"category","embeddable":true,"href":"https:\/\/people.unica.it\/lingueecomunicazione\/wp-json\/wp\/v2\/categories?post=3376"},{"taxonomy":"post_tag","embeddable":true,"href":"https:\/\/people.unica.it\/lingueecomunicazione\/wp-json\/wp\/v2\/tags?post=3376"}],"curies":[{"name":"wp","href":"https:\/\/api.w.org\/{rel}","templated":true}]}}