{"id":3358,"date":"2016-04-11T11:37:04","date_gmt":"2016-04-11T11:37:04","guid":{"rendered":"http:\/\/people.unica.it\/lingueecomunicazione\/?p=3358"},"modified":"2016-04-11T11:37:04","modified_gmt":"2016-04-11T11:37:04","slug":"tutorato-lingua-inglese-1","status":"publish","type":"post","link":"https:\/\/people.unica.it\/lingueecomunicazione\/2016\/04\/11\/tutorato-lingua-inglese-1\/","title":{"rendered":"Tutorato Lingua inglese 1"},"content":{"rendered":"<p>Si comunica che luned\u00ec 18 aprile h. 12-14 in AULA 2 inizier\u00e0 il tutorato di Lingua inglese 1 tenuto dalla dott.ssa F. Urracci.<\/p>\n<p>Le attivit\u00e0 proseguiranno sempre il luned\u00ec h. 12-14 aula 2.<\/p>\n<p>Il tutorato \u00e8 rivolto agli studenti del primo anno di Lingue e comunicazione e di Lingue e culture per la mediazione linguistica.<\/p>\n<p>A breve sar\u00e0 attivato un secondo tutorato, sempre per il primo anno; gli studenti interessati potranno scegliere quale dei due tutorati frequentare, anche in base agli orari delle proprie lezioni.<\/p>","protected":false},"excerpt":{"rendered":"<p>Si comunica che luned\u00ec 18 aprile h. 12-14 in AULA 2 inizier\u00e0 il tutorato di Lingua inglese 1 tenuto dalla dott.ssa F. Urracci. Le attivit\u00e0 proseguiranno sempre il luned\u00ec h. 12-14 aula 2. Il tutorato \u00e8 rivolto agli studenti del primo anno di Lingue e comunicazione e di Lingue e culture per la mediazione linguistica. A breve sar\u00e0 attivato un secondo tutorato, sempre per il primo anno; gli studenti interessati potranno scegliere quale dei due tutorati frequentare, anche in base agli orari delle proprie lezioni.<\/p>\n","protected":false},"author":2071,"featured_media":0,"comment_status":"closed","ping_status":"closed","sticky":false,"template":"","format":"standard","meta":{"footnotes":""},"categories":[41766],"tags":[],"class_list":["post-3358","post","type-post","status-publish","format-standard","hentry","category-lingue-e-comunicazione-1-anno","category-41766-id","post-seq-1","post-parity-odd","meta-position-corners","fix"],"_links":{"self":[{"href":"https:\/\/people.unica.it\/lingueecomunicazione\/wp-json\/wp\/v2\/posts\/3358","targetHints":{"allow":["GET"]}}],"collection":[{"href":"https:\/\/people.unica.it\/lingueecomunicazione\/wp-json\/wp\/v2\/posts"}],"about":[{"href":"https:\/\/people.unica.it\/lingueecomunicazione\/wp-json\/wp\/v2\/types\/post"}],"author":[{"embeddable":true,"href":"https:\/\/people.unica.it\/lingueecomunicazione\/wp-json\/wp\/v2\/users\/2071"}],"replies":[{"embeddable":true,"href":"https:\/\/people.unica.it\/lingueecomunicazione\/wp-json\/wp\/v2\/comments?post=3358"}],"version-history":[{"count":2,"href":"https:\/\/people.unica.it\/lingueecomunicazione\/wp-json\/wp\/v2\/posts\/3358\/revisions"}],"predecessor-version":[{"id":3363,"href":"https:\/\/people.unica.it\/lingueecomunicazione\/wp-json\/wp\/v2\/posts\/3358\/revisions\/3363"}],"wp:attachment":[{"href":"https:\/\/people.unica.it\/lingueecomunicazione\/wp-json\/wp\/v2\/media?parent=3358"}],"wp:term":[{"taxonomy":"category","embeddable":true,"href":"https:\/\/people.unica.it\/lingueecomunicazione\/wp-json\/wp\/v2\/categories?post=3358"},{"taxonomy":"post_tag","embeddable":true,"href":"https:\/\/people.unica.it\/lingueecomunicazione\/wp-json\/wp\/v2\/tags?post=3358"}],"curies":[{"name":"wp","href":"https:\/\/api.w.org\/{rel}","templated":true}]}}