{"id":2772,"date":"2015-03-04T17:05:01","date_gmt":"2015-03-04T17:05:01","guid":{"rendered":"http:\/\/people.unica.it\/lingueecomunicazione\/?p=2772"},"modified":"2015-03-04T17:05:01","modified_gmt":"2015-03-04T17:05:01","slug":"storia-della-musica-cambio-orario-lezione-del-venerdi","status":"publish","type":"post","link":"https:\/\/people.unica.it\/lingueecomunicazione\/2015\/03\/04\/storia-della-musica-cambio-orario-lezione-del-venerdi\/","title":{"rendered":"Storia della musica &#8211; Cambio orario lezione del venerd\u00ec"},"content":{"rendered":"<p>Si comunica che la lezione di Storia della musica del venerd\u00ec \u00e8 spostata in orario 10.00-12.00, sempre in aula 7.<\/p>","protected":false},"excerpt":{"rendered":"<p>Si comunica che la lezione di Storia della musica del venerd\u00ec \u00e8 spostata in orario 10.00-12.00, sempre in aula 7.<\/p>\n","protected":false},"author":2071,"featured_media":0,"comment_status":"closed","ping_status":"closed","sticky":false,"template":"","format":"standard","meta":{"footnotes":""},"categories":[41766,41767,41768],"tags":[],"class_list":["post-2772","post","type-post","status-publish","format-standard","hentry","category-lingue-e-comunicazione-1-anno","category-lingue-e-comunicazione-2-anno","category-lingue-e-comunicazione-3-anno","category-41766-id","category-41767-id","category-41768-id","post-seq-1","post-parity-odd","meta-position-corners","fix"],"_links":{"self":[{"href":"https:\/\/people.unica.it\/lingueecomunicazione\/wp-json\/wp\/v2\/posts\/2772","targetHints":{"allow":["GET"]}}],"collection":[{"href":"https:\/\/people.unica.it\/lingueecomunicazione\/wp-json\/wp\/v2\/posts"}],"about":[{"href":"https:\/\/people.unica.it\/lingueecomunicazione\/wp-json\/wp\/v2\/types\/post"}],"author":[{"embeddable":true,"href":"https:\/\/people.unica.it\/lingueecomunicazione\/wp-json\/wp\/v2\/users\/2071"}],"replies":[{"embeddable":true,"href":"https:\/\/people.unica.it\/lingueecomunicazione\/wp-json\/wp\/v2\/comments?post=2772"}],"version-history":[{"count":2,"href":"https:\/\/people.unica.it\/lingueecomunicazione\/wp-json\/wp\/v2\/posts\/2772\/revisions"}],"predecessor-version":[{"id":2774,"href":"https:\/\/people.unica.it\/lingueecomunicazione\/wp-json\/wp\/v2\/posts\/2772\/revisions\/2774"}],"wp:attachment":[{"href":"https:\/\/people.unica.it\/lingueecomunicazione\/wp-json\/wp\/v2\/media?parent=2772"}],"wp:term":[{"taxonomy":"category","embeddable":true,"href":"https:\/\/people.unica.it\/lingueecomunicazione\/wp-json\/wp\/v2\/categories?post=2772"},{"taxonomy":"post_tag","embeddable":true,"href":"https:\/\/people.unica.it\/lingueecomunicazione\/wp-json\/wp\/v2\/tags?post=2772"}],"curies":[{"name":"wp","href":"https:\/\/api.w.org\/{rel}","templated":true}]}}