{"id":11206,"date":"2021-01-08T07:48:37","date_gmt":"2021-01-08T07:48:37","guid":{"rendered":"http:\/\/people.unica.it\/liaisonoffice\/?p=11206"},"modified":"2021-09-15T08:46:26","modified_gmt":"2021-09-15T08:46:26","slug":"rosa-canina","status":"publish","type":"post","link":"https:\/\/people.unica.it\/liaisonoffice\/2021\/01\/08\/rosa-canina\/","title":{"rendered":"ESTRATTO NATURALE DA SEMI DI ROSA CANINA CON ELEVATA ATTIVIT\u00c0 ANTIMICROBICA"},"content":{"rendered":"<p>Abstract: l&#8217;invenzione \u00e8 relativa ad un estratto naturale da semi di Rosa canina che ha elevata attivit\u00e0 antimicrobica. L\u2019estratto, diluibile in acqua a diverse concentrazioni, costituisce una soluzione antimicrobica utilizzabile in diversi campi: nella disinfezione ambientale, sia in campo umano che animale, come base di preparati antibatterici\/antifungini per uso topico, cutaneo o mucosale.<\/p>\n<p>Titolarit\u00e0: Universit\u00e0 di Cagliari<\/p>\n<p>Area: Sanit\u00e0 e Biomedicale<\/p>\n<p>Inventori: Alessandra Piras, Antonella Ibba, Germano Orr\u00f9, Silvia Porcedda<\/p>\n<p>Data di deposito: 22\/12\/2020<\/p>\n<p>Stato: in attesa di concessione<\/p>\n<p>Disponibile per accordi di licenza<\/p>\n<p>Ambito territoriale: PCT<\/p>\n","protected":false},"excerpt":{"rendered":"<p> &#8230; <a href=\"https:\/\/people.unica.it\/liaisonoffice\/2021\/01\/08\/rosa-canina\/\" class=\"more-link\">Read More<\/a><\/p>\n","protected":false},"author":2926,"featured_media":11207,"comment_status":"closed","ping_status":"closed","sticky":false,"template":"","format":"standard","meta":{"footnotes":""},"categories":[124480],"tags":[],"class_list":["post-11206","post","type-post","status-publish","format-standard","has-post-thumbnail","hentry","category-brevetti-unica"],"_links":{"self":[{"href":"https:\/\/people.unica.it\/liaisonoffice\/wp-json\/wp\/v2\/posts\/11206","targetHints":{"allow":["GET"]}}],"collection":[{"href":"https:\/\/people.unica.it\/liaisonoffice\/wp-json\/wp\/v2\/posts"}],"about":[{"href":"https:\/\/people.unica.it\/liaisonoffice\/wp-json\/wp\/v2\/types\/post"}],"author":[{"embeddable":true,"href":"https:\/\/people.unica.it\/liaisonoffice\/wp-json\/wp\/v2\/users\/2926"}],"replies":[{"embeddable":true,"href":"https:\/\/people.unica.it\/liaisonoffice\/wp-json\/wp\/v2\/comments?post=11206"}],"version-history":[{"count":7,"href":"https:\/\/people.unica.it\/liaisonoffice\/wp-json\/wp\/v2\/posts\/11206\/revisions"}],"predecessor-version":[{"id":11427,"href":"https:\/\/people.unica.it\/liaisonoffice\/wp-json\/wp\/v2\/posts\/11206\/revisions\/11427"}],"wp:featuredmedia":[{"embeddable":true,"href":"https:\/\/people.unica.it\/liaisonoffice\/wp-json\/wp\/v2\/media\/11207"}],"wp:attachment":[{"href":"https:\/\/people.unica.it\/liaisonoffice\/wp-json\/wp\/v2\/media?parent=11206"}],"wp:term":[{"taxonomy":"category","embeddable":true,"href":"https:\/\/people.unica.it\/liaisonoffice\/wp-json\/wp\/v2\/categories?post=11206"},{"taxonomy":"post_tag","embeddable":true,"href":"https:\/\/people.unica.it\/liaisonoffice\/wp-json\/wp\/v2\/tags?post=11206"}],"curies":[{"name":"wp","href":"https:\/\/api.w.org\/{rel}","templated":true}]}}