{"id":499,"date":"2012-05-03T14:35:19","date_gmt":"2012-05-03T12:35:19","guid":{"rendered":"http:\/\/people.unica.it\/eikonikos\/?p=499"},"modified":"2012-05-03T14:35:19","modified_gmt":"2012-05-03T12:35:19","slug":"laboratorio-arcana-conferenze-veymiers-e-vitellozzi","status":"publish","type":"post","link":"https:\/\/people.unica.it\/eikonikos\/2012\/05\/03\/laboratorio-arcana-conferenze-veymiers-e-vitellozzi\/","title":{"rendered":"Laboratorio &#8220;Arcana&#8221;: CONFERENZE VEYMIERS E VITELLOZZI"},"content":{"rendered":"<p><a href=\"http:\/\/people.unica.it\/eikonikos\/files\/2012\/05\/poster-Veymiers1.jpg\"><img decoding=\"async\" class=\"alignleft size-medium wp-image-500\" src=\"http:\/\/people.unica.it\/eikonikos\/files\/2012\/05\/poster-Veymiers1-225x300.jpg\" alt=\"\" width=\"225\" height=\"300\" srcset=\"https:\/\/people.unica.it\/eikonikos\/files\/2012\/05\/poster-Veymiers1-225x300.jpg 225w, https:\/\/people.unica.it\/eikonikos\/files\/2012\/05\/poster-Veymiers1.jpg 720w\" sizes=\"(max-width: 225px) 100vw, 225px\" \/><\/a><a href=\"http:\/\/people.unica.it\/eikonikos\/files\/2012\/05\/poster-Vitellozzi3.jpg\"><img decoding=\"async\" class=\"alignleft size-medium wp-image-503\" src=\"http:\/\/people.unica.it\/eikonikos\/files\/2012\/05\/poster-Vitellozzi3-225x300.jpg\" alt=\"\" width=\"225\" height=\"300\" srcset=\"https:\/\/people.unica.it\/eikonikos\/files\/2012\/05\/poster-Vitellozzi3-225x300.jpg 225w, https:\/\/people.unica.it\/eikonikos\/files\/2012\/05\/poster-Vitellozzi3.jpg 720w\" sizes=\"(max-width: 225px) 100vw, 225px\" \/><\/a>Nell&#8217;ambito del laboratorio <em>&#8220;Arcana. Rito e magia nel mondo dell&#8217;antichit\u00e0 classica&#8221;<\/em>, si segnalano le lezioni\u00a0curate da\u00a0Richard Veymiers (Universit\u00e9 de Li\u00e8ge) e Paolo Vitellozzi (IULM Milano). Le attivit\u00e0 del seminario sono aperte al pubblico.<\/p>\n","protected":false},"excerpt":{"rendered":"<p>Nell&#8217;ambito del laboratorio &#8220;Arcana. Rito e magia nel mondo dell&#8217;antichit\u00e0 classica&#8221;, si segnalano le lezioni\u00a0curate da\u00a0Richard Veymiers (Universit\u00e9 de Li\u00e8ge) e Paolo Vitellozzi (IULM Milano). Le attivit\u00e0 del seminario sono aperte al pubblico.<\/p>\n","protected":false},"author":327,"featured_media":0,"comment_status":"closed","ping_status":"closed","sticky":false,"template":"","format":"standard","meta":{"ngg_post_thumbnail":0,"footnotes":""},"categories":[1],"tags":[],"class_list":["post-499","post","type-post","status-publish","format-standard","hentry","category-senza-categoria","category-1-id","post-seq-1","post-parity-odd","meta-position-corners","fix"],"_links":{"self":[{"href":"https:\/\/people.unica.it\/eikonikos\/wp-json\/wp\/v2\/posts\/499","targetHints":{"allow":["GET"]}}],"collection":[{"href":"https:\/\/people.unica.it\/eikonikos\/wp-json\/wp\/v2\/posts"}],"about":[{"href":"https:\/\/people.unica.it\/eikonikos\/wp-json\/wp\/v2\/types\/post"}],"author":[{"embeddable":true,"href":"https:\/\/people.unica.it\/eikonikos\/wp-json\/wp\/v2\/users\/327"}],"replies":[{"embeddable":true,"href":"https:\/\/people.unica.it\/eikonikos\/wp-json\/wp\/v2\/comments?post=499"}],"version-history":[{"count":2,"href":"https:\/\/people.unica.it\/eikonikos\/wp-json\/wp\/v2\/posts\/499\/revisions"}],"predecessor-version":[{"id":505,"href":"https:\/\/people.unica.it\/eikonikos\/wp-json\/wp\/v2\/posts\/499\/revisions\/505"}],"wp:attachment":[{"href":"https:\/\/people.unica.it\/eikonikos\/wp-json\/wp\/v2\/media?parent=499"}],"wp:term":[{"taxonomy":"category","embeddable":true,"href":"https:\/\/people.unica.it\/eikonikos\/wp-json\/wp\/v2\/categories?post=499"},{"taxonomy":"post_tag","embeddable":true,"href":"https:\/\/people.unica.it\/eikonikos\/wp-json\/wp\/v2\/tags?post=499"}],"curies":[{"name":"wp","href":"https:\/\/api.w.org\/{rel}","templated":true}]}}