{"id":487,"date":"2012-04-23T15:39:16","date_gmt":"2012-04-23T13:39:16","guid":{"rendered":"http:\/\/people.unica.it\/eikonikos\/?p=487"},"modified":"2012-04-23T15:39:16","modified_gmt":"2012-04-23T13:39:16","slug":"giornata-di-studi-su-magia-e-mondo-antico","status":"publish","type":"post","link":"https:\/\/people.unica.it\/eikonikos\/2012\/04\/23\/giornata-di-studi-su-magia-e-mondo-antico\/","title":{"rendered":"GIORNATA DI STUDI SU MAGIA E MONDO ANTICO"},"content":{"rendered":"<p><a href=\"http:\/\/people.unica.it\/eikonikos\/files\/2012\/04\/poster-arcana-seminario.jpg\"><img decoding=\"async\" class=\"alignleft size-medium wp-image-488\" src=\"http:\/\/people.unica.it\/eikonikos\/files\/2012\/04\/poster-arcana-seminario-225x300.jpg\" alt=\"\" width=\"225\" height=\"300\" srcset=\"https:\/\/people.unica.it\/eikonikos\/files\/2012\/04\/poster-arcana-seminario-225x300.jpg 225w, https:\/\/people.unica.it\/eikonikos\/files\/2012\/04\/poster-arcana-seminario.jpg 720w\" sizes=\"(max-width: 225px) 100vw, 225px\" \/><\/a>Nell&#8217;ambito del laboratorio\u00a0 coordinato dalla Dott.ssa Elisabetta Pala, <em>Eikonikos<\/em> organizza una giornata di studi dal titolo <em>Arcana. Immagine, rito e magia nel mondo dell&#8217;antichit\u00e0 classica. <\/em>Il seminario, che avr\u00e0 luogo mercoled\u00ec 9 maggio 2012 a partire dalle ore 15, presso l&#8217;Aula Verde del Dipartimento di Storia, Beni Culturali e Territorio (Cittadella dei Musei), si inserisce all&#8217;interno della manifestazione <em>Ricerca in Cittadella 2012, giornate di studio in ricordo di Roberto Coroneo.<\/em><\/p>\n","protected":false},"excerpt":{"rendered":"<p>Nell&#8217;ambito del laboratorio\u00a0 coordinato dalla Dott.ssa Elisabetta Pala, Eikonikos organizza una giornata di studi dal titolo Arcana. Immagine, rito e magia nel mondo dell&#8217;antichit\u00e0 classica. Il seminario, che avr\u00e0 luogo mercoled\u00ec 9 maggio 2012 a partire dalle ore 15, presso l&#8217;Aula Verde del Dipartimento di Storia, Beni Culturali e Territorio (Cittadella dei Musei), si inserisce all&#8217;interno della manifestazione Ricerca in Cittadella 2012, giornate di studio in ricordo di Roberto Coroneo.<\/p>\n","protected":false},"author":327,"featured_media":0,"comment_status":"closed","ping_status":"closed","sticky":false,"template":"","format":"standard","meta":{"ngg_post_thumbnail":0,"footnotes":""},"categories":[1],"tags":[],"class_list":["post-487","post","type-post","status-publish","format-standard","hentry","category-senza-categoria","category-1-id","post-seq-1","post-parity-odd","meta-position-corners","fix"],"_links":{"self":[{"href":"https:\/\/people.unica.it\/eikonikos\/wp-json\/wp\/v2\/posts\/487","targetHints":{"allow":["GET"]}}],"collection":[{"href":"https:\/\/people.unica.it\/eikonikos\/wp-json\/wp\/v2\/posts"}],"about":[{"href":"https:\/\/people.unica.it\/eikonikos\/wp-json\/wp\/v2\/types\/post"}],"author":[{"embeddable":true,"href":"https:\/\/people.unica.it\/eikonikos\/wp-json\/wp\/v2\/users\/327"}],"replies":[{"embeddable":true,"href":"https:\/\/people.unica.it\/eikonikos\/wp-json\/wp\/v2\/comments?post=487"}],"version-history":[{"count":2,"href":"https:\/\/people.unica.it\/eikonikos\/wp-json\/wp\/v2\/posts\/487\/revisions"}],"predecessor-version":[{"id":490,"href":"https:\/\/people.unica.it\/eikonikos\/wp-json\/wp\/v2\/posts\/487\/revisions\/490"}],"wp:attachment":[{"href":"https:\/\/people.unica.it\/eikonikos\/wp-json\/wp\/v2\/media?parent=487"}],"wp:term":[{"taxonomy":"category","embeddable":true,"href":"https:\/\/people.unica.it\/eikonikos\/wp-json\/wp\/v2\/categories?post=487"},{"taxonomy":"post_tag","embeddable":true,"href":"https:\/\/people.unica.it\/eikonikos\/wp-json\/wp\/v2\/tags?post=487"}],"curies":[{"name":"wp","href":"https:\/\/api.w.org\/{rel}","templated":true}]}}