{"id":4838,"date":"2025-09-09T06:44:00","date_gmt":"2025-09-09T06:44:00","guid":{"rendered":"https:\/\/people.unica.it\/disabilita\/?p=4838"},"modified":"2025-09-09T06:49:19","modified_gmt":"2025-09-09T06:49:19","slug":"seminario-musei-archivi-e-biblioteche-accessibili-un-diritto-per-la-cittadinanza-12-settembre-2025-cagliari","status":"publish","type":"post","link":"https:\/\/people.unica.it\/disabilita\/2025\/09\/09\/seminario-musei-archivi-e-biblioteche-accessibili-un-diritto-per-la-cittadinanza-12-settembre-2025-cagliari\/","title":{"rendered":"12.09.2025 Seminario Musei, Archivi e Biblioteche accessibili: un diritto per la cittadinanza"},"content":{"rendered":"\n<figure class=\"wp-block-image size-full is-resized\"><a href=\"https:\/\/people.unica.it\/disabilita\/files\/2025\/09\/image-1.png\"><img decoding=\"async\" width=\"150\" height=\"150\" src=\"https:\/\/people.unica.it\/disabilita\/files\/2025\/09\/image-1.png\" alt=\"\" class=\"wp-image-4843\" style=\"width:110px;height:auto\" srcset=\"https:\/\/people.unica.it\/disabilita\/files\/2025\/09\/image-1.png 150w, https:\/\/people.unica.it\/disabilita\/files\/2025\/09\/image-1-96x96.png 96w, https:\/\/people.unica.it\/disabilita\/files\/2025\/09\/image-1-24x24.png 24w, https:\/\/people.unica.it\/disabilita\/files\/2025\/09\/image-1-36x36.png 36w, https:\/\/people.unica.it\/disabilita\/files\/2025\/09\/image-1-48x48.png 48w, https:\/\/people.unica.it\/disabilita\/files\/2025\/09\/image-1-64x64.png 64w\" sizes=\"(max-width: 150px) 100vw, 150px\" \/><\/a><\/figure>\n\n\n\n<p><a href=\"https:\/\/www.icom-italia.org\/coordinamento-regionale-sardegna-seminario-musei-archivi-e-biblioteche-accessibili-un-diritto-per-la-cittadinanza-cagliari-mediateca-del-mediterraneo-e-online\/\">Coordinamento Regionale Sardegna | Seminario \u201cMusei, Archivi e Biblioteche accessibili: un diritto per la cittadinanza\u201d | 12 settembre 2025 | Cagliari, Mediateca del Mediterraneo e Online &#8211; ICOM Italia<\/a><\/p>\n\n\n\n<p>Il seminario \u201c<em>Musei, Archivi e Biblioteche accessibili: un diritto per la cittadinanza<\/em>\u201d \u00e8 organizzato dal&nbsp;<strong>Coordinamento regionale MAB Sardegna<\/strong>, costituito nel 2017 dalle sezioni regionali delle associazioni dei professionisti dei settori dei Musei (ICOM), degli Archivi (ANAI) e delle Biblioteche (AIB).<\/p>\n\n\n\n<p>Il tema dell\u2019<strong>accessibilit\u00e0<\/strong>&nbsp;degli istituti e luoghi della cultura, al centro del seminario di studio, \u00e8 sempre pi\u00f9 attuale e la sensibilit\u00e0 contemporanea permette di coglierne la crescente connotazione quale fondamentale diritto di cittadinanza, quello di poter accedere, dal punto di vista sia fisico che cognitivo, ad un\u2019ampia gamma di servizi culturali, sempre pi\u00f9 personalizzati in riferimento all\u2019utenza, che i cittadini richiedono e apprezzano.<\/p>\n\n\n\n<p>I musei, gli archivi e le biblioteche, in quanto&nbsp;<strong>spazi pubblici<\/strong>, devono garantire a tutti i cittadini di avere accesso ad istituti e luoghi della cultura e di usufruire dei servizi che essi offrono.<\/p>\n\n\n\n<p>La giornata, nelle due sessioni, antimeridiana (dalle 10:00 alle 13:00) e pomeridiana (dalle 14:00 alle 17:00), prevede di tracciare un quadro dello stato dell\u2019arte sull\u2019accessibilit\u00e0 nei luoghi di cultura italiani in prospettiva nazionale, grazie al contributo di esperti dei tre settori considerati e di un moderatore esperto di ambiente MAB.<\/p>\n\n\n\n<p><strong>Il seminario si terr\u00e0 presso la sala conferenze della<\/strong>&nbsp;<strong>MEM (Mediateca del Mediterraneo) di Cagliari venerd\u00ec 12 settembre 2025<\/strong>&nbsp;e prevede la partecipazione di professionisti della cultura operanti nell\u2019Isola e nel resto d\u2019Italia in musei, archivi e biblioteche pubblici e privati.<\/p>\n\n\n\n<p>Il seminario sar\u00e0 fruibile dal pubblico in presenza e a distanza, attraverso la piattaforma Zoom di ICOM Italia. Il link sar\u00e0 inviato a coloro che ne faranno richiesta tramite il modulo di iscrizione.<\/p>\n\n\n\n<p>Sar\u00e0 disponibile il servizio di interpretariato LIS.<\/p>\n\n\n\n<div data-wp-interactive=\"core\/file\" class=\"wp-block-file\"><object data-wp-bind--hidden=\"!state.hasPdfPreview\" hidden class=\"wp-block-file__embed\" data=\"https:\/\/people.unica.it\/disabilita\/files\/2025\/09\/Programma-MAB-Sardegna_rev3.pdf\" type=\"application\/pdf\" style=\"width:100%;height:600px\" aria-label=\"Incorporamento di Programma-MAB-Sardegna_rev3.\"><\/object><a id=\"wp-block-file--media-2eb0afa1-ce9a-4e03-aad2-71640892b642\" href=\"https:\/\/people.unica.it\/disabilita\/files\/2025\/09\/Programma-MAB-Sardegna_rev3.pdf\">Programma-MAB-Sardegna_rev3<\/a><a href=\"https:\/\/people.unica.it\/disabilita\/files\/2025\/09\/Programma-MAB-Sardegna_rev3.pdf\" class=\"wp-block-file__button wp-element-button\" download aria-describedby=\"wp-block-file--media-2eb0afa1-ce9a-4e03-aad2-71640892b642\">Download<\/a><\/div>\n","protected":false},"excerpt":{"rendered":"<p>Coordinamento Regionale Sardegna | Seminario \u201cMusei, Archivi e Biblioteche accessibili: un diritto per la cittadinanza\u201d | 12 settembre 2025 | Cagliari, Mediateca del Mediterraneo e Online &#8211; ICOM Italia Il seminario \u201cMusei, Archivi e Biblioteche accessibili: un diritto per la cittadinanza\u201d \u00e8 organizzato dal&nbsp;Coordinamento regionale MAB Sardegna, costituito nel 2017 dalle sezioni regionali delle associazioni dei professionisti dei settori dei Musei (ICOM), degli Archivi (ANAI) e delle Biblioteche (AIB). Il tema dell\u2019accessibilit\u00e0&nbsp;degli istituti e luoghi della cultura, al centro del seminario di studio, \u00e8 sempre pi\u00f9 attuale e la sensibilit\u00e0 contemporanea permette di coglierne la crescente connotazione quale fondamentale diritto <a href='https:\/\/people.unica.it\/disabilita\/2025\/09\/09\/seminario-musei-archivi-e-biblioteche-accessibili-un-diritto-per-la-cittadinanza-12-settembre-2025-cagliari\/' class='excerpt-more'>[&#8230;]<\/a><\/p>\n","protected":false},"author":2508,"featured_media":0,"comment_status":"closed","ping_status":"closed","sticky":false,"template":"","format":"standard","meta":{"footnotes":""},"categories":[13,624,108142,3],"tags":[],"class_list":["post-4838","post","type-post","status-publish","format-standard","hentry","category-avvisi","category-bandi","category-i-nostri-eventi","category-news","category-13-id","category-624-id","category-108142-id","category-3-id","post-seq-1","post-parity-odd","meta-position-corners","fix"],"_links":{"self":[{"href":"https:\/\/people.unica.it\/disabilita\/wp-json\/wp\/v2\/posts\/4838","targetHints":{"allow":["GET"]}}],"collection":[{"href":"https:\/\/people.unica.it\/disabilita\/wp-json\/wp\/v2\/posts"}],"about":[{"href":"https:\/\/people.unica.it\/disabilita\/wp-json\/wp\/v2\/types\/post"}],"author":[{"embeddable":true,"href":"https:\/\/people.unica.it\/disabilita\/wp-json\/wp\/v2\/users\/2508"}],"replies":[{"embeddable":true,"href":"https:\/\/people.unica.it\/disabilita\/wp-json\/wp\/v2\/comments?post=4838"}],"version-history":[{"count":4,"href":"https:\/\/people.unica.it\/disabilita\/wp-json\/wp\/v2\/posts\/4838\/revisions"}],"predecessor-version":[{"id":4845,"href":"https:\/\/people.unica.it\/disabilita\/wp-json\/wp\/v2\/posts\/4838\/revisions\/4845"}],"wp:attachment":[{"href":"https:\/\/people.unica.it\/disabilita\/wp-json\/wp\/v2\/media?parent=4838"}],"wp:term":[{"taxonomy":"category","embeddable":true,"href":"https:\/\/people.unica.it\/disabilita\/wp-json\/wp\/v2\/categories?post=4838"},{"taxonomy":"post_tag","embeddable":true,"href":"https:\/\/people.unica.it\/disabilita\/wp-json\/wp\/v2\/tags?post=4838"}],"curies":[{"name":"wp","href":"https:\/\/api.w.org\/{rel}","templated":true}]}}