{"id":4469,"date":"2024-09-19T08:16:55","date_gmt":"2024-09-19T08:16:55","guid":{"rendered":"https:\/\/people.unica.it\/disabilita\/?p=4469"},"modified":"2024-11-13T19:25:40","modified_gmt":"2024-11-13T19:25:40","slug":"sotto-il-sotto-del-bosco","status":"publish","type":"post","link":"https:\/\/people.unica.it\/disabilita\/2024\/09\/19\/sotto-il-sotto-del-bosco\/","title":{"rendered":"Sotto il Sotto del Bosco"},"content":{"rendered":"\n<p>19-20\/09\/2024, Cagliari<\/p>\n\n\n\n<div class=\"wp-block-group is-nowrap is-layout-flex wp-container-core-group-is-layout-ad2f72ca wp-block-group-is-layout-flex\">\n<figure class=\"wp-block-image size-full\"><a href=\"https:\/\/people.unica.it\/disabilita\/files\/2024\/09\/Immagine-Chiara-Bersani.png\"><img decoding=\"async\" width=\"143\" height=\"130\" src=\"https:\/\/people.unica.it\/disabilita\/files\/2024\/09\/Immagine-Chiara-Bersani.png\" alt=\"\" class=\"wp-image-4470\" \/><\/a><\/figure>\n\n\n\n<p>\u27f6Gioved\u00ec 19 settembre, ore 15<br>\u27f6 Venerd\u00ec 20 settembre, ore 17.45<br>Sa Manifattura, Cagliari<\/p>\n<\/div>\n\n\n\n<p><\/p>\n\n\n\n<p>Nell\u2019ambito del progetto SOTTOBOSCO l\u2019artista e coreografa Chiara Bersani, Lemmo, musicista e sound researcher, Elena Sgarbossa, danzatrice e coreografa e Simone Chiacchiararelli, assistente di Chiara Bersani, conducono un workshop rivolto a persone con disabilit\u00e0 motoria di diverse fasce d\u2019et\u00e0.<\/p>\n\n\n\n<p>Pensato come parte integrante dello spettacolo SOTTOBOSCO, il workshop segue il desiderio di Chiara Bersani di rispondere insieme ai e alle partecipanti alla domanda: qual \u00e8 il rapporto di un corpo con disabilit\u00e0 con la \u201cnatura\u201d? Quale spazio possiamo immaginare e quindi creare grazie alla presenza collettiva dei nostri corpi? Quale sottobosco nuovo e accessibile pu\u00f2 essere costruito dai nostri gesti? Quale linguaggio misterioso e silenzioso ci permette di comunicare, ascoltare e comprenderci in questo spazio?<\/p>\n\n\n\n<p>Alcune domande che hanno mosso la ricerca di Sottobosco e guidano l\u2019esplorazione dello spazio condiviso sono:<br>Quali azioni compie un corpo che non pu\u00f2 correre nello spazio? Cosa porta un corpo che fatica a spostarsi, a farlo? Persone con mobilit\u00e0 ridotta, se si trovano in uno spazio che rende ancor pi\u00f9 complesso il loro movimento, come esplodono?<br>Gli occhi mentre corrono nello spazio, sono danza? Le dita che abbottonano la giacca? Le mani mentre allacciano le scarpe?<\/p>\n\n\n\n<p>Ciascuna giornata di laboratorio, prevede 3 ore di lavoro, durante le quali il team condivide ricerche, riflessioni e pratiche sviluppate nel corso del nuovo lavoro.<br>I e le partecipanti sono invitati\/e a esplorare con Chiara, Lemmo e Elena, il rapporto tra movimento, suono e spazio, partendo dalle possibilit\u00e0 e dalle volont\u00e0 di ogni corpo.<\/p>\n\n\n\n<p>Per chi lo desidera esiste la possibilit\u00e0 di attraversare lo spazio dello spettacolo Sottobosco nella giornata del 20 settembre negli ultimi 5\/10 minuti.<\/p>\n\n\n\n<p>Per informazioni e per iscriversi inviare una mail all\u2019indirizzo segreteria@fuorimargine.eu con oggetto \u201cSOTTO IL SOTTO DEL BOSCO\u201d.<br>Nel corpo della mail deve essere indicato: nome, cognome, et\u00e0, numero di telefono e alcune righe di presentazione.<\/p>\n\n\n\n<p>Deadline: 16 settembre<\/p>\n\n\n\n<p><\/p>\n\n\n\n<p><a href=\"https:\/\/www.fuorimargine.eu\/workshop-sotto-il-sotto-del-bosco\/\">Fuorimargine | Sotto il Sotto del Bosco<\/a><\/p>\n","protected":false},"excerpt":{"rendered":"<p>19-20\/09\/2024, Cagliari \u27f6Gioved\u00ec 19 settembre, ore 15\u27f6 Venerd\u00ec 20 settembre, ore 17.45Sa Manifattura, Cagliari Nell\u2019ambito del progetto SOTTOBOSCO l\u2019artista e coreografa Chiara Bersani, Lemmo, musicista e sound researcher, Elena Sgarbossa, danzatrice e coreografa e Simone Chiacchiararelli, assistente di Chiara Bersani, conducono un workshop rivolto a persone con disabilit\u00e0 motoria di diverse fasce d\u2019et\u00e0. Pensato come parte integrante dello spettacolo SOTTOBOSCO, il workshop segue il desiderio di Chiara Bersani di rispondere insieme ai e alle partecipanti alla domanda: qual \u00e8 il rapporto di un corpo con disabilit\u00e0 con la \u201cnatura\u201d? Quale spazio possiamo immaginare e quindi creare grazie alla presenza collettiva <a href='https:\/\/people.unica.it\/disabilita\/2024\/09\/19\/sotto-il-sotto-del-bosco\/' class='excerpt-more'>[&#8230;]<\/a><\/p>\n","protected":false},"author":2508,"featured_media":0,"comment_status":"closed","ping_status":"closed","sticky":false,"template":"","format":"standard","meta":{"footnotes":""},"categories":[108752],"tags":[],"class_list":["post-4469","post","type-post","status-publish","format-standard","hentry","category-altri-eventi","category-108752-id","post-seq-1","post-parity-odd","meta-position-corners","fix"],"_links":{"self":[{"href":"https:\/\/people.unica.it\/disabilita\/wp-json\/wp\/v2\/posts\/4469","targetHints":{"allow":["GET"]}}],"collection":[{"href":"https:\/\/people.unica.it\/disabilita\/wp-json\/wp\/v2\/posts"}],"about":[{"href":"https:\/\/people.unica.it\/disabilita\/wp-json\/wp\/v2\/types\/post"}],"author":[{"embeddable":true,"href":"https:\/\/people.unica.it\/disabilita\/wp-json\/wp\/v2\/users\/2508"}],"replies":[{"embeddable":true,"href":"https:\/\/people.unica.it\/disabilita\/wp-json\/wp\/v2\/comments?post=4469"}],"version-history":[{"count":3,"href":"https:\/\/people.unica.it\/disabilita\/wp-json\/wp\/v2\/posts\/4469\/revisions"}],"predecessor-version":[{"id":4473,"href":"https:\/\/people.unica.it\/disabilita\/wp-json\/wp\/v2\/posts\/4469\/revisions\/4473"}],"wp:attachment":[{"href":"https:\/\/people.unica.it\/disabilita\/wp-json\/wp\/v2\/media?parent=4469"}],"wp:term":[{"taxonomy":"category","embeddable":true,"href":"https:\/\/people.unica.it\/disabilita\/wp-json\/wp\/v2\/categories?post=4469"},{"taxonomy":"post_tag","embeddable":true,"href":"https:\/\/people.unica.it\/disabilita\/wp-json\/wp\/v2\/tags?post=4469"}],"curies":[{"name":"wp","href":"https:\/\/api.w.org\/{rel}","templated":true}]}}