{"id":2535,"date":"2014-10-07T15:46:12","date_gmt":"2014-10-07T15:46:12","guid":{"rendered":"http:\/\/people.unica.it\/beniculturali\/?p=2535"},"modified":"2014-10-07T15:46:12","modified_gmt":"2014-10-07T15:46:12","slug":"avviso-variazione-orari-lezioni-corso-di-laurea-in-beni-culturali","status":"publish","type":"post","link":"https:\/\/people.unica.it\/beniculturali\/2014\/10\/07\/avviso-variazione-orari-lezioni-corso-di-laurea-in-beni-culturali\/","title":{"rendered":"AVVISO-Variazione orari lezioni corso di laurea in Beni Culturali"},"content":{"rendered":"<p>A partire da marted\u00ec 21 ottobre la lezione di Storia Greca\u00a0 con la prof.ssa Poddighe avr\u00e0 inizio alle ore 9 e terminer\u00e0 alle ore 10,30 (solo per la giornata del marted\u00ec).<\/p>","protected":false},"excerpt":{"rendered":"<p>A partire da marted\u00ec 21 ottobre la lezione di Storia Greca\u00a0 con la prof.ssa Poddighe avr\u00e0 inizio alle ore 9 e terminer\u00e0 alle ore 10,30 (solo per la giornata del marted\u00ec).<\/p>\n","protected":false},"author":455,"featured_media":0,"comment_status":"closed","ping_status":"closed","sticky":false,"template":"","format":"standard","meta":{"footnotes":""},"categories":[41754],"tags":[],"class_list":["post-2535","post","type-post","status-publish","format-standard","hentry","category-beni-culturali-1-anno","category-41754-id","post-seq-1","post-parity-odd","meta-position-corners","fix"],"_links":{"self":[{"href":"https:\/\/people.unica.it\/beniculturali\/wp-json\/wp\/v2\/posts\/2535","targetHints":{"allow":["GET"]}}],"collection":[{"href":"https:\/\/people.unica.it\/beniculturali\/wp-json\/wp\/v2\/posts"}],"about":[{"href":"https:\/\/people.unica.it\/beniculturali\/wp-json\/wp\/v2\/types\/post"}],"author":[{"embeddable":true,"href":"https:\/\/people.unica.it\/beniculturali\/wp-json\/wp\/v2\/users\/455"}],"replies":[{"embeddable":true,"href":"https:\/\/people.unica.it\/beniculturali\/wp-json\/wp\/v2\/comments?post=2535"}],"version-history":[{"count":2,"href":"https:\/\/people.unica.it\/beniculturali\/wp-json\/wp\/v2\/posts\/2535\/revisions"}],"predecessor-version":[{"id":2537,"href":"https:\/\/people.unica.it\/beniculturali\/wp-json\/wp\/v2\/posts\/2535\/revisions\/2537"}],"wp:attachment":[{"href":"https:\/\/people.unica.it\/beniculturali\/wp-json\/wp\/v2\/media?parent=2535"}],"wp:term":[{"taxonomy":"category","embeddable":true,"href":"https:\/\/people.unica.it\/beniculturali\/wp-json\/wp\/v2\/categories?post=2535"},{"taxonomy":"post_tag","embeddable":true,"href":"https:\/\/people.unica.it\/beniculturali\/wp-json\/wp\/v2\/tags?post=2535"}],"curies":[{"name":"wp","href":"https:\/\/api.w.org\/{rel}","templated":true}]}}